{"id":25719,"date":"2021-11-26T11:33:00","date_gmt":"2021-11-26T14:33:00","guid":{"rendered":"https:\/\/www.radiopresidenteibanez.cl\/web\/?p=25719"},"modified":"2021-11-26T10:27:41","modified_gmt":"2021-11-26T13:27:41","slug":"aun-hay-tiempo-cupos-disponibles-en-todos-los-jardines-integra-en-magallanes","status":"publish","type":"post","link":"https:\/\/www.radiopresidenteibanez.cl\/web\/aun-hay-tiempo-cupos-disponibles-en-todos-los-jardines-integra-en-magallanes\/","title":{"rendered":"\u00a1AUN HAY TIEMPO! CUPOS DISPONIBLES EN TODOS LOS JARDINES INTEGRA EN MAGALLANES"},"content":{"rendered":"\n<p>Entregar educaci\u00f3n de calidad en espacios seguros y de buen trato para la\nprimera infancia. Desde esa mirada Fundaci\u00f3n Integra hace un \u00faltimo llamado a\nlas familias de Magallanes a postular a los m\u00e1s de 300 cupos disponibles para ciclo\nescolar 2022 en los establecimientos de Puerto Natales, Porvenir y Punta\nArenas.<\/p>\n\n\n\n<p>\u201cA\u00fan hay tiempo, y tenemos cupos en todos nuestros jardines\u201d, se\u00f1ala la\ndirectora regional de Integra, Laura Campos Mu\u00f1oz. \u201cPor los tiempos que\nvivimos, Integra ha apostado por facilitar el proceso de postulaci\u00f3n por lo\nque, recordemos, este a\u00f1o se hace de forma online en <a href=\"http:\/\/www.integra.cl\">www.integra.cl<\/a>\u201d. <\/p>\n\n\n\n<p>\u201cTenemos 31 a\u00f1os de experiencia entregando educaci\u00f3n de calidad en espacios\nseguros y confortables, y ante esta emergencia sanitaria, hemos dedicado todos\nnuestros esfuerzos en contar con los m\u00e1s altos est\u00e1ndares de prevenci\u00f3n.\nTenemos estrictos protocolos sanitarios, y nos sentimos muy orgullosos de todo\nel trabajo que han realizado nuestros equipos educativos y de oficina regional,\npara garantizar la seguridad al interior de cada establecimiento\u201d, detalla la\ndirectora regional.<\/p>\n\n\n\n<p>El proceso de postulaci\u00f3n finaliza en pr\u00f3ximo 30 de noviembre, y las\nfamilias pueden realizar el proceso de forma individua o para varios hijos de\nforma simult\u00e1nea. En caso de necesitar asistencia para realizar el proceso,\npueden acercarse a las dependencias de cada jard\u00edn infantil de la regi\u00f3n, o\ncomunicarse al 61 229 73 00.<\/p>\n\n\n\n<p>Integra pertenece a la Red de Fundaciones de la Presidencia de la\nRep\u00fablica. Con 31 a\u00f1os de experiencia, es la red m\u00e1s grande de salas cuna y\njardines infantiles del pa\u00eds con m\u00e1s de 1.200 establecimientos gratuitos, a los\nque asisten m\u00e1s de 92 mil ni\u00f1os y ni\u00f1as en todo Chile.<\/p>\n","protected":false},"excerpt":{"rendered":"<p>Entregar educaci\u00f3n de calidad en espacios seguros y de buen trato para la primera infancia. Desde esa mirada Fundaci\u00f3n Integra hace un \u00faltimo llamado a las familias de Magallanes a&#8230; <a class=\"read-more\" href=\"https:\/\/www.radiopresidenteibanez.cl\/web\/aun-hay-tiempo-cupos-disponibles-en-todos-los-jardines-integra-en-magallanes\/\">Leer m\u00e1s<\/a><\/p>\n","protected":false},"author":2,"featured_media":25720,"comment_status":"closed","ping_status":"closed","sticky":false,"template":"","format":"standard","meta":{"footnotes":""},"categories":[1],"tags":[],"class_list":["post-25719","post","type-post","status-publish","format-standard","has-post-thumbnail","hentry","category-cronica"],"_links":{"self":[{"href":"https:\/\/www.radiopresidenteibanez.cl\/web\/wp-json\/wp\/v2\/posts\/25719","targetHints":{"allow":["GET"]}}],"collection":[{"href":"https:\/\/www.radiopresidenteibanez.cl\/web\/wp-json\/wp\/v2\/posts"}],"about":[{"href":"https:\/\/www.radiopresidenteibanez.cl\/web\/wp-json\/wp\/v2\/types\/post"}],"author":[{"embeddable":true,"href":"https:\/\/www.radiopresidenteibanez.cl\/web\/wp-json\/wp\/v2\/users\/2"}],"replies":[{"embeddable":true,"href":"https:\/\/www.radiopresidenteibanez.cl\/web\/wp-json\/wp\/v2\/comments?post=25719"}],"version-history":[{"count":0,"href":"https:\/\/www.radiopresidenteibanez.cl\/web\/wp-json\/wp\/v2\/posts\/25719\/revisions"}],"wp:featuredmedia":[{"embeddable":true,"href":"https:\/\/www.radiopresidenteibanez.cl\/web\/wp-json\/wp\/v2\/media\/25720"}],"wp:attachment":[{"href":"https:\/\/www.radiopresidenteibanez.cl\/web\/wp-json\/wp\/v2\/media?parent=25719"}],"wp:term":[{"taxonomy":"category","embeddable":true,"href":"https:\/\/www.radiopresidenteibanez.cl\/web\/wp-json\/wp\/v2\/categories?post=25719"},{"taxonomy":"post_tag","embeddable":true,"href":"https:\/\/www.radiopresidenteibanez.cl\/web\/wp-json\/wp\/v2\/tags?post=25719"}],"curies":[{"name":"wp","href":"https:\/\/api.w.org\/{rel}","templated":true}]}}