{"id":257,"date":"2019-01-04T20:43:46","date_gmt":"2019-01-04T20:43:46","guid":{"rendered":"http:\/\/www.radiopresidenteibanez.cl\/web\/?p=257"},"modified":"2019-01-04T20:43:58","modified_gmt":"2019-01-04T20:43:58","slug":"este-2-de-febrero-se-realizara-en-el-asado-mas-grande-de-tierra-del-fuego-el-cantante-americo-cerrara-la-fiesta-en-porvenir","status":"publish","type":"post","link":"https:\/\/www.radiopresidenteibanez.cl\/web\/este-2-de-febrero-se-realizara-en-el-asado-mas-grande-de-tierra-del-fuego-el-cantante-americo-cerrara-la-fiesta-en-porvenir\/","title":{"rendered":"ESTE 2 DE FEBRERO SE REALIZAR\u00c1 EN EL ASADO M\u00c1S GRANDE DE TIERRA DEL FUEGO, EL CANTANTE AM\u00c9RICO CERRAR\u00c1 LA FIESTA EN PORVENIR"},"content":{"rendered":"\n<p>La Alcaldesa de Porvenir, Marisol Andrade, junto a sus concejales, llegaron hasta las dependencias de nuestra emisora, en la ocasi\u00f3n se dio a conocer que este pr\u00f3ximo 2 de febrero se realizar\u00e1 la ya tradicional fiesta del \u00abAsado M\u00e1s Grande de Tierra del Fuego\u00bb, se comenta que el espect\u00e1culo cerrar\u00e1 con la presentaci\u00f3n del cantante nacional Am\u00e9rico. <\/p>\n","protected":false},"excerpt":{"rendered":"<p>La Alcaldesa de Porvenir, Marisol Andrade, junto a sus concejales, llegaron hasta las dependencias de nuestra emisora, en la ocasi\u00f3n se dio a conocer que este pr\u00f3ximo 2 de febrero&#8230; <a class=\"read-more\" href=\"https:\/\/www.radiopresidenteibanez.cl\/web\/este-2-de-febrero-se-realizara-en-el-asado-mas-grande-de-tierra-del-fuego-el-cantante-americo-cerrara-la-fiesta-en-porvenir\/\">Leer m\u00e1s<\/a><\/p>\n","protected":false},"author":2,"featured_media":258,"comment_status":"closed","ping_status":"closed","sticky":false,"template":"","format":"standard","meta":{"footnotes":""},"categories":[1],"tags":[],"class_list":["post-257","post","type-post","status-publish","format-standard","has-post-thumbnail","hentry","category-cronica"],"_links":{"self":[{"href":"https:\/\/www.radiopresidenteibanez.cl\/web\/wp-json\/wp\/v2\/posts\/257","targetHints":{"allow":["GET"]}}],"collection":[{"href":"https:\/\/www.radiopresidenteibanez.cl\/web\/wp-json\/wp\/v2\/posts"}],"about":[{"href":"https:\/\/www.radiopresidenteibanez.cl\/web\/wp-json\/wp\/v2\/types\/post"}],"author":[{"embeddable":true,"href":"https:\/\/www.radiopresidenteibanez.cl\/web\/wp-json\/wp\/v2\/users\/2"}],"replies":[{"embeddable":true,"href":"https:\/\/www.radiopresidenteibanez.cl\/web\/wp-json\/wp\/v2\/comments?post=257"}],"version-history":[{"count":0,"href":"https:\/\/www.radiopresidenteibanez.cl\/web\/wp-json\/wp\/v2\/posts\/257\/revisions"}],"wp:featuredmedia":[{"embeddable":true,"href":"https:\/\/www.radiopresidenteibanez.cl\/web\/wp-json\/wp\/v2\/media\/258"}],"wp:attachment":[{"href":"https:\/\/www.radiopresidenteibanez.cl\/web\/wp-json\/wp\/v2\/media?parent=257"}],"wp:term":[{"taxonomy":"category","embeddable":true,"href":"https:\/\/www.radiopresidenteibanez.cl\/web\/wp-json\/wp\/v2\/categories?post=257"},{"taxonomy":"post_tag","embeddable":true,"href":"https:\/\/www.radiopresidenteibanez.cl\/web\/wp-json\/wp\/v2\/tags?post=257"}],"curies":[{"name":"wp","href":"https:\/\/api.w.org\/{rel}","templated":true}]}}