{"id":25659,"date":"2021-11-24T11:16:56","date_gmt":"2021-11-24T14:16:56","guid":{"rendered":"https:\/\/www.radiopresidenteibanez.cl\/web\/?p=25659"},"modified":"2021-11-24T11:17:04","modified_gmt":"2021-11-24T14:17:04","slug":"20-magallanicas-completan-con-exito-curso-de-cocina-vegetariana","status":"publish","type":"post","link":"https:\/\/www.radiopresidenteibanez.cl\/web\/20-magallanicas-completan-con-exito-curso-de-cocina-vegetariana\/","title":{"rendered":"20 MAGALLANICAS COMPLETAN CON EXITO CURSO DE COCINA VEGETARIANA"},"content":{"rendered":"\n<p>Tras cumplir m\u00e1s de 150 horas de capacitaci\u00f3n, 20 mujeres\nmagall\u00e1nicas lograron completar con \u00e9xito el curso de \u201cCocina Vegetariana y\nSandwicher\u00eda\u201d, ejecutado por OTEC Indecap Ltda. y financiado por el Servicio\nNacional de Capacitaci\u00f3n y Empleo (Sence) Magallanes.<\/p>\n\n\n\n<p>Durante una emotiva ceremonia en la que participaron: la diputada\nSandra Amar; el Seremi de Gobierno, Ricardo Hern\u00e1ndez; la Seremi de Hacienda,\nLil Garc\u00e9s; la Seremi del Trabajo, Victoria Cort\u00e9s, y el director de Sence\nMagallanes, Enrique Hern\u00e1ndez, las alumnas beneficiarias agradecieron el apoyo\nrecibido por el Gobierno.<\/p>\n\n\n\n<p>As\u00ed lo resalt\u00f3 Cort\u00e9s, se\u00f1alando que: \u201cSentimos una tremenda emoci\u00f3n\nde poder estar de manera presencial en esta ceremonia. Hoy hemos entregado sus\ndiplomas a 20 alumnas que cumplieron con 150 horas del curso de Cocina\nVegetariana y Sandwicher\u00eda. Nos llevamos la emoci\u00f3n de las alumnas y su\nagradecimiento por la entrega de estas herramientas que esperamos les abra\nmuch\u00edsimas puertas en lo laboral y en lo personal. Algunas de ellas tienen\nideas de iniciar sus propios emprendimientos as\u00ed que estamos contentos por la\nsatisfacci\u00f3n de las alumnas que concluyen exitosamente esta etapa\u201d.<\/p>\n\n\n\n<p>El objetivo del programa es generar las competencias que permitan a\nlos beneficiarios acceder al mercado laboral y, en este caso particular, apoyar\nla creaci\u00f3n de emprendimientos femeninos y la reinserci\u00f3n laboral de las\nmujeres.<\/p>\n\n\n\n<p>Al respecto, la alumna Sonia Rom\u00e1n destac\u00f3 su experiencia y llam\u00f3 a\nm\u00e1s mujeres a sumarse a las capacitaciones de Sence. \u201cMi experiencia fue muy\nfavorable, estoy muy agradecida del Sence y de la Seremi del Trabajo. Yo, en\ndiciembre del 2020 qued\u00e9 sin trabajo, por lo que tuve que pensar en otras\ninstancias y por eso acud\u00ed al Sence para capacitarme. Esto me ayuda, porque\npienso en proyectarme como pyme y creo que es una excelente ayuda para todas\nlas mujeres a quienes llamo a participar e inscribirse en estos cursos\u201d,\ncoment\u00f3.<\/p>\n\n\n\n<p>El director regional de Sence recalc\u00f3 la importancia de la capacitaci\u00f3n\npara la reincorporaci\u00f3n al trabajo, por lo que, ahora que las condiciones\nsanitarias lo permiten, invit\u00f3 a los interesados a informarse sobre los cursos\nSence abiertos \u2013tanto presenciales como virtuales- que hoy son un apoyo\nconcreto para emprender o encontrar un nuevo empleo.<\/p>\n\n\n\n<p>El curso, con enfoque especial en mujeres, se desarroll\u00f3 durante los\nmeses de agosto y septiembre, con una inversi\u00f3n regional de Sence superior a\nlos 12 millones de pesos.<\/p>\n","protected":false},"excerpt":{"rendered":"<p>Tras cumplir m\u00e1s de 150 horas de capacitaci\u00f3n, 20 mujeres magall\u00e1nicas lograron completar con \u00e9xito el curso de \u201cCocina Vegetariana y Sandwicher\u00eda\u201d, ejecutado por OTEC Indecap Ltda. y financiado por&#8230; <a class=\"read-more\" href=\"https:\/\/www.radiopresidenteibanez.cl\/web\/20-magallanicas-completan-con-exito-curso-de-cocina-vegetariana\/\">Leer m\u00e1s<\/a><\/p>\n","protected":false},"author":2,"featured_media":25660,"comment_status":"closed","ping_status":"closed","sticky":false,"template":"","format":"standard","meta":{"footnotes":""},"categories":[1],"tags":[],"class_list":["post-25659","post","type-post","status-publish","format-standard","has-post-thumbnail","hentry","category-cronica"],"_links":{"self":[{"href":"https:\/\/www.radiopresidenteibanez.cl\/web\/wp-json\/wp\/v2\/posts\/25659","targetHints":{"allow":["GET"]}}],"collection":[{"href":"https:\/\/www.radiopresidenteibanez.cl\/web\/wp-json\/wp\/v2\/posts"}],"about":[{"href":"https:\/\/www.radiopresidenteibanez.cl\/web\/wp-json\/wp\/v2\/types\/post"}],"author":[{"embeddable":true,"href":"https:\/\/www.radiopresidenteibanez.cl\/web\/wp-json\/wp\/v2\/users\/2"}],"replies":[{"embeddable":true,"href":"https:\/\/www.radiopresidenteibanez.cl\/web\/wp-json\/wp\/v2\/comments?post=25659"}],"version-history":[{"count":0,"href":"https:\/\/www.radiopresidenteibanez.cl\/web\/wp-json\/wp\/v2\/posts\/25659\/revisions"}],"wp:featuredmedia":[{"embeddable":true,"href":"https:\/\/www.radiopresidenteibanez.cl\/web\/wp-json\/wp\/v2\/media\/25660"}],"wp:attachment":[{"href":"https:\/\/www.radiopresidenteibanez.cl\/web\/wp-json\/wp\/v2\/media?parent=25659"}],"wp:term":[{"taxonomy":"category","embeddable":true,"href":"https:\/\/www.radiopresidenteibanez.cl\/web\/wp-json\/wp\/v2\/categories?post=25659"},{"taxonomy":"post_tag","embeddable":true,"href":"https:\/\/www.radiopresidenteibanez.cl\/web\/wp-json\/wp\/v2\/tags?post=25659"}],"curies":[{"name":"wp","href":"https:\/\/api.w.org\/{rel}","templated":true}]}}