{"id":25642,"date":"2021-11-23T15:23:00","date_gmt":"2021-11-23T18:23:00","guid":{"rendered":"https:\/\/www.radiopresidenteibanez.cl\/web\/?p=25642"},"modified":"2021-11-23T12:57:08","modified_gmt":"2021-11-23T15:57:08","slug":"mas-de-80-test-de-glicemia-realizo-la-seremi-de-salud-en-actvidad-de-prevencion-y-consejeria","status":"publish","type":"post","link":"https:\/\/www.radiopresidenteibanez.cl\/web\/mas-de-80-test-de-glicemia-realizo-la-seremi-de-salud-en-actvidad-de-prevencion-y-consejeria\/","title":{"rendered":"M\u00c1S DE 80 TEST DE GLICEMIA REALIZ\u00d3 LA SEREMI DE SALUD EN ACTVIDAD DE PREVENCI\u00d3N Y CONSEJER\u00cdA"},"content":{"rendered":"\n<p>Con motivo de\nla conmemoraci\u00f3n del D\u00eda Mundial de la Diabetes 2021 el pasado 14 de noviembre\ny &nbsp;cuyo lema &nbsp;local es <strong>\u201cPara un futuro sin diabetes, \u00a1Me\ncuido hoy!\u201d, <\/strong>esta tarde la Seremi de Salud Magallanes realiz\u00f3 una actividad\nde prevenci\u00f3n, enfocada en la toma de hemoglucotest y consejer\u00eda, instancia que\nfue apoyada por alumnos de las carrera de Nutrici\u00f3n y Enfermer\u00eda de la Universidad\nde Magallanes.<\/p>\n\n\n\n<p>La diabetes\nes una enfermedad cr\u00f3nica que aparece cuando el p\u00e1ncreas no produce insulina\nsuficiente o cuando el organismo no utiliza eficazmente la insulina que\nproduce. La insulina es una hormona que regula el az\u00facar en la sangre. El\nefecto de la diabetes no controlada es la hiperglucemia (aumento del az\u00facar en\nla sangre), que con el tiempo da\u00f1a gravemente muchos \u00f3rganos y sistemas,\nespecialmente los nervios y los vasos sangu\u00edneos.<\/p>\n\n\n\n<p>La diabetes\nes una importante causa de problemas visuales (retinopat\u00eda diab\u00e9tica),\ninsuficiencia renal, infarto de miocardio, accidente cerebrovascular y amputaci\u00f3n\nde los miembros inferiores.<\/p>\n\n\n\n<p>Al respecto el\nSeremi (s) Eduardo Castillo se\u00f1al\u00f3 que: \u201cEstamos conmemorando el d\u00eda\ninternacional de la Diabetes en un trabajo en conjunto con las carreras de\nenfermer\u00eda y nutrici\u00f3n de la Universidad de Magallanes con quienes hemos\ntrabajado en este tiempo en la prevenci\u00f3n de esta enfermedad, por los efectos\nque significa a largo plazo, las dificultades y da\u00f1os que puede generan a la\nsalud de las personas y el riesgo que tienen de di\u00e1lisis , ceguera,\namputaciones, entre otras. Por eso nos parece importante prevenir y cambiar las\nconductas que tenemos y por sobre todo recordar que en tiempos de pandemia esta\nes una de las enfermedades que provoca en las personas COVID un mayor\nagravamiento,&nbsp; por lo tanto es muy\nimportante la detecci\u00f3n precoz como el tratamiento adecuado\u201d <\/p>\n\n\n\n<p><strong>Situaci\u00f3n Magallanes <\/strong><\/p>\n\n\n\n<p>En Chile, la prevalencia de\nla Diabetes Mellitus 2 ha ido aumentando en las \u00faltimas d\u00e9cadas. En la Regi\u00f3n\nde Magallanes la diabetes mellitus entre enero-junio 20 la prevalencia &nbsp;&nbsp;&nbsp;&nbsp;&nbsp; &nbsp;(seg\u00fan poblaci\u00f3n FONASA inscrita a\u00f1o 2021 en la\nRed &nbsp;Magallanes), es de &nbsp;14.059 usuarios.<\/p>\n","protected":false},"excerpt":{"rendered":"<p>Con motivo de la conmemoraci\u00f3n del D\u00eda Mundial de la Diabetes 2021 el pasado 14 de noviembre y &nbsp;cuyo lema &nbsp;local es \u201cPara un futuro sin diabetes, \u00a1Me cuido hoy!\u201d,&#8230; <a class=\"read-more\" href=\"https:\/\/www.radiopresidenteibanez.cl\/web\/mas-de-80-test-de-glicemia-realizo-la-seremi-de-salud-en-actvidad-de-prevencion-y-consejeria\/\">Leer m\u00e1s<\/a><\/p>\n","protected":false},"author":2,"featured_media":25643,"comment_status":"closed","ping_status":"closed","sticky":false,"template":"","format":"standard","meta":{"footnotes":""},"categories":[1],"tags":[],"class_list":["post-25642","post","type-post","status-publish","format-standard","has-post-thumbnail","hentry","category-cronica"],"_links":{"self":[{"href":"https:\/\/www.radiopresidenteibanez.cl\/web\/wp-json\/wp\/v2\/posts\/25642","targetHints":{"allow":["GET"]}}],"collection":[{"href":"https:\/\/www.radiopresidenteibanez.cl\/web\/wp-json\/wp\/v2\/posts"}],"about":[{"href":"https:\/\/www.radiopresidenteibanez.cl\/web\/wp-json\/wp\/v2\/types\/post"}],"author":[{"embeddable":true,"href":"https:\/\/www.radiopresidenteibanez.cl\/web\/wp-json\/wp\/v2\/users\/2"}],"replies":[{"embeddable":true,"href":"https:\/\/www.radiopresidenteibanez.cl\/web\/wp-json\/wp\/v2\/comments?post=25642"}],"version-history":[{"count":0,"href":"https:\/\/www.radiopresidenteibanez.cl\/web\/wp-json\/wp\/v2\/posts\/25642\/revisions"}],"wp:featuredmedia":[{"embeddable":true,"href":"https:\/\/www.radiopresidenteibanez.cl\/web\/wp-json\/wp\/v2\/media\/25643"}],"wp:attachment":[{"href":"https:\/\/www.radiopresidenteibanez.cl\/web\/wp-json\/wp\/v2\/media?parent=25642"}],"wp:term":[{"taxonomy":"category","embeddable":true,"href":"https:\/\/www.radiopresidenteibanez.cl\/web\/wp-json\/wp\/v2\/categories?post=25642"},{"taxonomy":"post_tag","embeddable":true,"href":"https:\/\/www.radiopresidenteibanez.cl\/web\/wp-json\/wp\/v2\/tags?post=25642"}],"curies":[{"name":"wp","href":"https:\/\/api.w.org\/{rel}","templated":true}]}}