{"id":25620,"date":"2021-11-22T12:29:00","date_gmt":"2021-11-22T15:29:00","guid":{"rendered":"https:\/\/www.radiopresidenteibanez.cl\/web\/?p=25620"},"modified":"2021-11-22T11:46:15","modified_gmt":"2021-11-22T14:46:15","slug":"producciones-rodadas-en-la-region-se-exhibiran-en-el-dia-del-cine-chileno-en-magallanes","status":"publish","type":"post","link":"https:\/\/www.radiopresidenteibanez.cl\/web\/producciones-rodadas-en-la-region-se-exhibiran-en-el-dia-del-cine-chileno-en-magallanes\/","title":{"rendered":"PRODUCCIONES RODADAS EN LA REGION SE EXHIBIRAN EN EL DIA DEL CINE CHILENO EN MAGALLANES"},"content":{"rendered":"\n<p>La pel\u00edcula \u201cBlanco en blanco\u201d,\ndirigida por Th\u00e9o Court y el tr\u00e1iler de \u00abChumjaluwun, Cacique\nMulato\u00bb, del realizador regional Jorge Grez, forman parte de la cartelera\nde conmemoraci\u00f3n del D\u00eda del Cine Chileno en la regi\u00f3n de Magallanes.<\/p>\n\n\n\n<p>Ambas\nproducciones, rodadas en tierras australes, se exhibir\u00e1n en Puerto Natales y\nPunta Arenas, con acceso gratuito a la comunidad. En la capital de la provincia\nde \u00daltima Esperanza la proyecci\u00f3n se concretar\u00e1 en doble funci\u00f3n el s\u00e1bado 27\nde noviembre, a las 19.00 y 21.00 horas en Sala Estrella. Quienes deseen\nasistir deber\u00e1n retirar su entrada, a partir del mi\u00e9rcoles 24 de noviembre\n(08.30 a 13.00 y de 15.00 a 17.00 hrs), en Delegaci\u00f3n Presidencial Provincial,\nubicada en calle Eberhard 417.<\/p>\n\n\n\n<p>Mientras que en\nla capital regional las cintas se mostrar\u00e1n en Sala Estrella (Mejicana 777), el\nmi\u00e9rcoles 24 y lunes 29 de noviembre, a las 19.00 horas. Las entradas se\nencontrar\u00e1n disponibles, a partir del lunes 22 de noviembre, de 09.00 a 13.00\nhoras, en la oficina de la Seremi de las Culturas, las Artes y el Patrimonio\n(calle Pedro Montt 809).<\/p>\n\n\n\n<p>\u201cA trav\u00e9s del\ncine tambi\u00e9n se proyecta la identidad, historia y patrimonio de los\nterritorios, por eso hemos decidido exhibir estas pel\u00edculas rodadas en\nMagallanes para conmemorar el D\u00eda del Cine Chileno. Y lo hacemos valorando\ntambi\u00e9n el trabajo de creadores locales y generando opciones de\nperfeccionamiento y capacitaci\u00f3n para los agentes del sector\u201d, coment\u00f3 la\nSeremi de las Culturas, Katherine Ibacache.<\/p>\n\n\n\n<p>\u201cBlanco en blanco\u201d, protagonizada por\nAlfredo Castro, representar\u00e1 a Chile en la carrera por una nominaci\u00f3n en la\npr\u00f3xima edici\u00f3n de los premios \u00d3scar, tras la elecci\u00f3n efectuada por la\nAcademia de Cine de Chile. La cinta se estren\u00f3 mundialmente en la categor\u00eda\nOrizzonti del Festival de Venecia, donde obtuvo el Le\u00f3n de Plata a Mejor\nDirector, el premio de la cr\u00edtica Fipresci y una menci\u00f3n especial del Human\nRights Film Network Awards. Luego recibi\u00f3 m\u00e1s de 20 reconocimientos en un\nrecorrido de casi 70 de festivales internacionales, que incluyen Rotterdam,\nMinsk, La Habana, Cin\u00e9latino de Toulouse, Karlovy Vary, Thessaloniki, Shangai,\nGoa, Sanfic, FICVi\u00f1a, Lima y Almeria, entre muchos otros.<\/p>\n\n\n\n<p>Alfredo Castro interpreta a un\nfot\u00f3grafo que, en el preludio del siglo XX, arriba a Tierra del Fuego, un\nterritorio hostil y violento, para fotografiar el matrimonio de un poderoso\nlatifundista. La futura esposa, apenas una ni\u00f1a, se convierte en su obsesi\u00f3n.\nTratando de capturar su belleza, la fotograf\u00eda a escondidas y traiciona al\npoder que domina al territorio. Descubierto y castigado, Pedro es despojado de\nsus privilegios. No puede escapar y acaba siendo part\u00edcipe y c\u00f3mplice de una\nsociedad que convive con el genocidio de los nativos Selk\u2019nam.<\/p>\n\n\n\n<p>\u00abChumjaluwun,\nCacique Mulato\u00bb, proyecto impulsado por la\nUniversidad de Magallanes, el Tribunal de Juicio Oral en lo Penal de Punta\nArenas, el canal Universitario UMAGTV, la compa\u00f1\u00eda de teatro Kre y liderado por\nel realizador Jorge Grez, se encuentra en pleno rodaje. <\/p>\n\n\n\n<p>Despu\u00e9s de pr\u00e1cticamente\nun a\u00f1o y medio de interrupci\u00f3n a causa de la pandemia Covid-19, la pel\u00edcula,\ngestionada y sustentada por habitantes de Magallanes, con la participaci\u00f3n de\nactores locales y nacionales, obtuvo recursos del Gobierno Regional y la Seremi\nde las Culturas para continuar con la grabaci\u00f3n de escenas pendientes. Est\u00e1\nprevisto que la producci\u00f3n concluya durante el primer semestre del 2022 y su\nestreno se materialice en la segunda parte del pr\u00f3ximo a\u00f1o.<\/p>\n","protected":false},"excerpt":{"rendered":"<p>La pel\u00edcula \u201cBlanco en blanco\u201d, dirigida por Th\u00e9o Court y el tr\u00e1iler de \u00abChumjaluwun, Cacique Mulato\u00bb, del realizador regional Jorge Grez, forman parte de la cartelera de conmemoraci\u00f3n del D\u00eda&#8230; <a class=\"read-more\" href=\"https:\/\/www.radiopresidenteibanez.cl\/web\/producciones-rodadas-en-la-region-se-exhibiran-en-el-dia-del-cine-chileno-en-magallanes\/\">Leer m\u00e1s<\/a><\/p>\n","protected":false},"author":2,"featured_media":25621,"comment_status":"closed","ping_status":"closed","sticky":false,"template":"","format":"standard","meta":{"footnotes":""},"categories":[1],"tags":[],"class_list":["post-25620","post","type-post","status-publish","format-standard","has-post-thumbnail","hentry","category-cronica"],"_links":{"self":[{"href":"https:\/\/www.radiopresidenteibanez.cl\/web\/wp-json\/wp\/v2\/posts\/25620","targetHints":{"allow":["GET"]}}],"collection":[{"href":"https:\/\/www.radiopresidenteibanez.cl\/web\/wp-json\/wp\/v2\/posts"}],"about":[{"href":"https:\/\/www.radiopresidenteibanez.cl\/web\/wp-json\/wp\/v2\/types\/post"}],"author":[{"embeddable":true,"href":"https:\/\/www.radiopresidenteibanez.cl\/web\/wp-json\/wp\/v2\/users\/2"}],"replies":[{"embeddable":true,"href":"https:\/\/www.radiopresidenteibanez.cl\/web\/wp-json\/wp\/v2\/comments?post=25620"}],"version-history":[{"count":0,"href":"https:\/\/www.radiopresidenteibanez.cl\/web\/wp-json\/wp\/v2\/posts\/25620\/revisions"}],"wp:featuredmedia":[{"embeddable":true,"href":"https:\/\/www.radiopresidenteibanez.cl\/web\/wp-json\/wp\/v2\/media\/25621"}],"wp:attachment":[{"href":"https:\/\/www.radiopresidenteibanez.cl\/web\/wp-json\/wp\/v2\/media?parent=25620"}],"wp:term":[{"taxonomy":"category","embeddable":true,"href":"https:\/\/www.radiopresidenteibanez.cl\/web\/wp-json\/wp\/v2\/categories?post=25620"},{"taxonomy":"post_tag","embeddable":true,"href":"https:\/\/www.radiopresidenteibanez.cl\/web\/wp-json\/wp\/v2\/tags?post=25620"}],"curies":[{"name":"wp","href":"https:\/\/api.w.org\/{rel}","templated":true}]}}