{"id":25606,"date":"2021-11-22T08:13:24","date_gmt":"2021-11-22T11:13:24","guid":{"rendered":"https:\/\/www.radiopresidenteibanez.cl\/web\/?p=25606"},"modified":"2021-11-22T08:13:57","modified_gmt":"2021-11-22T11:13:57","slug":"segunda-vuelta-paz-estabilidad-y-crecimiento","status":"publish","type":"post","link":"https:\/\/www.radiopresidenteibanez.cl\/web\/segunda-vuelta-paz-estabilidad-y-crecimiento\/","title":{"rendered":"SEGUNDA VUELTA: PAZ, ESTABILIDAD Y CRECIMIENTO"},"content":{"rendered":"\n<p>La sorpresa del resultado electoral\nde este domingo 21, sin duda muy pocos la esperaban, o esper\u00e1bamos, que el\ncandidato Boric obtuviera un par de puntos menos que el candidato Kast. As\u00ed\nmismo, la irrupci\u00f3n de un candidato con residencia en un pa\u00eds extranjero, y que,\nsin visitar Chile, desde su inscripci\u00f3n como candidato, lograra el tercer lugar\nen las elecciones. La tarea de Kast y Boric, es persuadir a los electores, que\nestuvieron con otras opciones, para hacer la diferencia, y vencer en un mes\nm\u00e1s. <\/p>\n\n\n\n<p>Hoy se recuerda, el fantasma de la segunda vuelta de 2017, donde el FA obtuvo 20%, y un tibio apoyo al candidato de la centro izquierda, paviment\u00f3 la llegada de Pi\u00f1era. Para disipar esos temores, en esta ocasi\u00f3n, el partido m\u00e1s importante de ese sector, el PS, llam\u00f3 de inmediato a votar por Boric, en segunda vuelta. Se espera que, en los pr\u00f3ximos d\u00edas, se sucedan los apoyos del resto de los partidos de ese sector. Pero mas all\u00e1 de la oficializaci\u00f3n de las adhesiones partidarias, lo que debe despejarse a la brevedad, los temas que mas preocupaci\u00f3n generan en la ciudadan\u00eda. Una agenda que se haga cargo de los problemas de seguridad y orden p\u00fablico. La preocupaci\u00f3n por la inseguridad en calles y poblaciones, el combate a la delincuencia, son temas transversales. No existan izquierdas o derechas ni para las v\u00edctimas de la delincuencia. Es preciso, dejar el atr\u00e1s el prurito de cierta intelectualidad, que justifican la delincuencia, estableciendo una relaci\u00f3n causal, con las condiciones socio econ\u00f3mica. Una postura extendida en el progresismo, y que, a la vez, demuestra un incipiente clasismo, asociando pobreza y delincuencia, en forma directa. Un contrasentido, que debe ser corregido, con claridad y firmeza.\u00a0 Otra materia de honda preocupaci\u00f3n ciudadana, es la estabilidad econ\u00f3mica. Y m\u00e1s que \u00e1ridos indicadores macroecon\u00f3micos, nos referimos a la estabilidad de las condiciones materiales de vida, de la masa multitudinaria de los trabajadores. La posibilidad de conservar el empleo, que por modestos que sean los salarios, son los que permiten la subsistencia. Un gobierno que aspira a garantizar derechos sociales, debe partir por garantizar lo que hoy se tiene. Es fundamental, ser claros y expl\u00edcitos, para generar condiciones para el libre desarrollo de la actividad econ\u00f3mica. El cuidado y promoci\u00f3n del empleo, es lo que proporciona una esencial estabilidad, al ciudadano de a pie. As\u00ed mismo, generar nexos activos, con los actores econ\u00f3micos, para compatibilizar la implementaci\u00f3n de las nuevas normas regulatorias, con mejores condiciones para el desarrollo de los negocios\u00a0\u00a0\u00a0\u00a0\u00a0\u00a0\u00a0\u00a0\u00a0\u00a0\u00a0\u00a0\u00a0\u00a0\u00a0\u00a0\u00a0\u00a0\u00a0\u00a0\u00a0\u00a0\u00a0\u00a0\u00a0\u00a0\u00a0\u00a0\u00a0\u00a0\u00a0\u00a0\u00a0 }<\/p>\n\n\n\n<p>Sin lugar a dudas, existen temas incomodos para la izquierda, como el rechazo a la violencia en la araucan\u00eda, y la decisi\u00f3n de perseguir y detener a los grupos para militares, que operan all\u00ed. Existe una trampa en el discurso progresista, que le impide rescatar para la izquierda, temas tan esenciales para el desarrollo social, como es el de contar con seguridad interior, y con paz, como elemento articulador de las relaciones sociales.\u00a0 Le corresponder\u00e1 a Gabriel Boric, ser capaz de encarnar, un proyecto social y pol\u00edtico, que, a la vez de perseguir transformaciones profundas de la sociedad, sea capaz de garantizar, las condiciones adecuadas para el pleno y total desarrollo de las personas. La paz y la libertad, son patrimonio de los dem\u00f3cratas del mundo, de quienes, como el progresismo chileno, combati\u00f3 y derrot\u00f3 a una dictadura.<\/p>\n\n\n\n<p>Esa es la gran diferencia entre el proyecto de cambio que encarna Gabriel Boric, que pone en el centro al ser humano, con inclusi\u00f3n, con integraci\u00f3n de las minor\u00edas y diversidades sociales y culturales. Por otra parte, la alternativa de Kast, ofrece una restauraci\u00f3n conservadora, reducci\u00f3n de la protecci\u00f3n o de los derechos consagrados a la mujer. Reducci\u00f3n de la capacidad reguladora del estado, reducci\u00f3n de servicios p\u00fablicos, y reposici\u00f3n de un enfoque paternalista, y discriminador de la mujer, en la sociedad.<\/p>\n\n\n\n<p>La centro izquierda, se ha visto mermada ostensiblemente en las elecciones parlamentarias, ha crecido el FA y el PC, tambi\u00e9n ha aumentado su representaci\u00f3n la derecha, y ha irrumpido un nuevo actor, el denominado \u201cPartido de la gente\u201d, creado por el candidato Parisi. En la c\u00e1mara de diputados la actual oposici\u00f3n obtuvo la mayor\u00eda, disgregada en distintos pactos y partidos. Sin embargo, el partido de la gente, est\u00e1 en condiciones de equilibrar en un sentido u otro, la mayor\u00eda existente. Se abre una posibilidad de generar una plataforma m\u00ednima, que permita confluir a las fuerzas pol\u00edticas de izquierda y centro izquierda. En esa plataforma, la base de sustento, es un compromiso por traer la paz y la seguridad a los hogares y a las ciudades de Chile. Combate a la delincuencia, al narco tr\u00e1fico.\u00a0 Como requisito previo, a la construcci\u00f3n de una sociedad de derechos. El crecimiento econ\u00f3mico, es imprescindible, para generar las condiciones sociales que el proyecto pol\u00edtico ofrece. <\/p>\n\n\n\n<p>El desaf\u00edo del progresismo es hacer viable, una opci\u00f3n de transformaci\u00f3n social profunda, que sea mas atractiva para las personas comunes y silvestres, que la opci\u00f3n conservadora del candidato Kast.\u00a0 Es en esa candidatura de derecha radical, donde se albergan las mayores amenazas a las libertades individuales. A los derechos de las mujeres. A la paz social, con la agudizaci\u00f3n de los conflictos, y la militarizaci\u00f3n. Es una involuci\u00f3n en el \u00e1mbito medioambiental, en el \u00e1mbito energ\u00e9tico, en el plano econ\u00f3mico, y en el \u00e1mbito laboral. El rechazo a la opci\u00f3n de restauraci\u00f3n conservadora, que representa Kast, pasa adem\u00e1s por algo fundamental, su negaci\u00f3n permanente de las violaciones a los DDHH. \u00a0Ese s\u00f3lo aspecto, representa una materia intransable para los dem\u00f3cratas chilenos, y no existe posibilidad alguna de relativizar su importancia.\u00a0 <\/p>\n\n\n\n<p>Con una centro izquierda dispersa en sinn\u00famero de opciones presidenciales, Gabriel Boric, deber\u00e1 probar su liderazgo, y la capacidad de forjar una unidad capaz de superar la opci\u00f3n que representa al gobierno de Pi\u00f1era, y su continuidad. \u00a0La gobernabilidad que Chile requiere, se juega en realizar los cambios sociales y pol\u00edticos con gradualidad, pero en forma continua. \u00a0De este modo se facilita la transformaci\u00f3n de la estructura productiva, para avanzar hacia el pleno desarrollo con estabilidad.<\/p>\n\n\n\n<p>Ernesto Sep\u00falveda Tornero<\/p>\n","protected":false},"excerpt":{"rendered":"<p>La sorpresa del resultado electoral de este domingo 21, sin duda muy pocos la esperaban, o esper\u00e1bamos, que el candidato Boric obtuviera un par de puntos menos que el candidato&#8230; <a class=\"read-more\" href=\"https:\/\/www.radiopresidenteibanez.cl\/web\/segunda-vuelta-paz-estabilidad-y-crecimiento\/\">Leer m\u00e1s<\/a><\/p>\n","protected":false},"author":2,"featured_media":25262,"comment_status":"closed","ping_status":"closed","sticky":false,"template":"","format":"standard","meta":{"footnotes":""},"categories":[1],"tags":[],"class_list":["post-25606","post","type-post","status-publish","format-standard","has-post-thumbnail","hentry","category-cronica"],"_links":{"self":[{"href":"https:\/\/www.radiopresidenteibanez.cl\/web\/wp-json\/wp\/v2\/posts\/25606","targetHints":{"allow":["GET"]}}],"collection":[{"href":"https:\/\/www.radiopresidenteibanez.cl\/web\/wp-json\/wp\/v2\/posts"}],"about":[{"href":"https:\/\/www.radiopresidenteibanez.cl\/web\/wp-json\/wp\/v2\/types\/post"}],"author":[{"embeddable":true,"href":"https:\/\/www.radiopresidenteibanez.cl\/web\/wp-json\/wp\/v2\/users\/2"}],"replies":[{"embeddable":true,"href":"https:\/\/www.radiopresidenteibanez.cl\/web\/wp-json\/wp\/v2\/comments?post=25606"}],"version-history":[{"count":0,"href":"https:\/\/www.radiopresidenteibanez.cl\/web\/wp-json\/wp\/v2\/posts\/25606\/revisions"}],"wp:featuredmedia":[{"embeddable":true,"href":"https:\/\/www.radiopresidenteibanez.cl\/web\/wp-json\/wp\/v2\/media\/25262"}],"wp:attachment":[{"href":"https:\/\/www.radiopresidenteibanez.cl\/web\/wp-json\/wp\/v2\/media?parent=25606"}],"wp:term":[{"taxonomy":"category","embeddable":true,"href":"https:\/\/www.radiopresidenteibanez.cl\/web\/wp-json\/wp\/v2\/categories?post=25606"},{"taxonomy":"post_tag","embeddable":true,"href":"https:\/\/www.radiopresidenteibanez.cl\/web\/wp-json\/wp\/v2\/tags?post=25606"}],"curies":[{"name":"wp","href":"https:\/\/api.w.org\/{rel}","templated":true}]}}