{"id":25600,"date":"2021-11-21T09:50:40","date_gmt":"2021-11-21T12:50:40","guid":{"rendered":"https:\/\/www.radiopresidenteibanez.cl\/web\/?p=25600"},"modified":"2021-11-21T09:50:46","modified_gmt":"2021-11-21T12:50:46","slug":"empresa-portuaria-austral-informa-nuevo-zarpe-de-crucero-desde-punta-arenas-rumbo-a-la-antartica","status":"publish","type":"post","link":"https:\/\/www.radiopresidenteibanez.cl\/web\/empresa-portuaria-austral-informa-nuevo-zarpe-de-crucero-desde-punta-arenas-rumbo-a-la-antartica\/","title":{"rendered":"EMPRESA PORTUARIA AUSTRAL INFORMA NUEVO ZARPE DE CRUCERO DESDE PUNTA ARENAS RUMBO A LA ANTARTICA"},"content":{"rendered":"\n<p>\n\nEl jueves 18 de noviembre a las 18:40 horas arrib\u00f3 al muelle Jos\u00e9 de los Santos Mardones el crucero Le commandant Charcot, para realizar recambio de pasajeros y protagonizar una maniobra in\u00e9dita de abastecimiento en los terminales de Epaustral.<br>La gerenta de Servicios de la Empresa Portuaria Austral, Marcela Mansilla, explic\u00f3 que \u00abla nave recibi\u00f3 suministro de combustible desde el buque tanque Do\u00f1a Ana, que estaba abarloado (situado al costado de la nave) para efectuar el abastecimiento. Es la primera vez que realizamos esta operaci\u00f3n en nuestros terminales y result\u00f3 exitosa, con una transferencia de 840 m3 de combustible\u00bb. Agreg\u00f3 que \u00abeste tipo de maniobra con buque tanque permite suministrar grandes vol\u00famenes de combustible a una nave, en un per\u00edodo de tiempo m\u00e1s acotado que en una operaci\u00f3n normal de cargu\u00edo utilizando camiones tanque\u00bb.<br>Le commandant Charcot zarp\u00f3 a las 3:30 horas de este s\u00e1bado 20 de noviembre. Tanto el movimiento de desembarque de 118 pasajeros, como el de embarque de las 102 personas que iniciaron el nuevo viaje a la Ant\u00e1rtica, fueron realizados conforme a los protocolos determinados y supervisados por la autoridad sanitaria.&nbsp;<br>Conforme a la informaci\u00f3n disponible al d\u00eda de hoy, el pr\u00f3ximo crucero en recalar a Punta Arenas es el Roald Amundsen, el pr\u00f3ximo 24 de noviembre. En tanto, en Puerto Williams se espera la llegada del crucero Silver Explorer para el 28 de noviembre.<\/p>\n\n\n\n<p><\/p>\n","protected":false},"excerpt":{"rendered":"<p>El jueves 18 de noviembre a las 18:40 horas arrib\u00f3 al muelle Jos\u00e9 de los Santos Mardones el crucero Le commandant Charcot, para realizar recambio de pasajeros y protagonizar una&#8230; <a class=\"read-more\" href=\"https:\/\/www.radiopresidenteibanez.cl\/web\/empresa-portuaria-austral-informa-nuevo-zarpe-de-crucero-desde-punta-arenas-rumbo-a-la-antartica\/\">Leer m\u00e1s<\/a><\/p>\n","protected":false},"author":2,"featured_media":25601,"comment_status":"closed","ping_status":"closed","sticky":false,"template":"","format":"standard","meta":{"footnotes":""},"categories":[1],"tags":[],"class_list":["post-25600","post","type-post","status-publish","format-standard","has-post-thumbnail","hentry","category-cronica"],"_links":{"self":[{"href":"https:\/\/www.radiopresidenteibanez.cl\/web\/wp-json\/wp\/v2\/posts\/25600","targetHints":{"allow":["GET"]}}],"collection":[{"href":"https:\/\/www.radiopresidenteibanez.cl\/web\/wp-json\/wp\/v2\/posts"}],"about":[{"href":"https:\/\/www.radiopresidenteibanez.cl\/web\/wp-json\/wp\/v2\/types\/post"}],"author":[{"embeddable":true,"href":"https:\/\/www.radiopresidenteibanez.cl\/web\/wp-json\/wp\/v2\/users\/2"}],"replies":[{"embeddable":true,"href":"https:\/\/www.radiopresidenteibanez.cl\/web\/wp-json\/wp\/v2\/comments?post=25600"}],"version-history":[{"count":0,"href":"https:\/\/www.radiopresidenteibanez.cl\/web\/wp-json\/wp\/v2\/posts\/25600\/revisions"}],"wp:featuredmedia":[{"embeddable":true,"href":"https:\/\/www.radiopresidenteibanez.cl\/web\/wp-json\/wp\/v2\/media\/25601"}],"wp:attachment":[{"href":"https:\/\/www.radiopresidenteibanez.cl\/web\/wp-json\/wp\/v2\/media?parent=25600"}],"wp:term":[{"taxonomy":"category","embeddable":true,"href":"https:\/\/www.radiopresidenteibanez.cl\/web\/wp-json\/wp\/v2\/categories?post=25600"},{"taxonomy":"post_tag","embeddable":true,"href":"https:\/\/www.radiopresidenteibanez.cl\/web\/wp-json\/wp\/v2\/tags?post=25600"}],"curies":[{"name":"wp","href":"https:\/\/api.w.org\/{rel}","templated":true}]}}