{"id":25597,"date":"2021-11-21T08:28:15","date_gmt":"2021-11-21T11:28:15","guid":{"rendered":"https:\/\/www.radiopresidenteibanez.cl\/web\/?p=25597"},"modified":"2021-11-21T08:28:20","modified_gmt":"2021-11-21T11:28:20","slug":"autoridades-llaman-a-personas-con-discapacidad-a-participar-en-elecciones","status":"publish","type":"post","link":"https:\/\/www.radiopresidenteibanez.cl\/web\/autoridades-llaman-a-personas-con-discapacidad-a-participar-en-elecciones\/","title":{"rendered":"AUTORIDADES LLAMAN A PERSONAS CON DISCAPACIDAD A PARTICIPAR EN ELECCIONES"},"content":{"rendered":"\n<p>Hasta la Agrupaci\u00f3n de Amigos de los Ciegos (AGACI) de Punta Arenas llegaron la Delegada Presidencial Regional, Jenniffer Rojas, la Seremi de Desarrollo Social y Familia (s), Catalina Alarc\u00f3n, el Seremi de Gobierno Ricardo Hern\u00e1ndez, junto al Director Regional de SENADIS, Iv\u00e1n Gonz\u00e1lez, con el objetivo de dar a conocer las medidas para que las personas con discapacidad puedan sufragar en las Elecciones Presidenciales, Parlamentarias y de Consejeros Regionales de este domingo.<\/p>\n\n\n\n<p>Desde la sede de la agrupaci\u00f3n las autoridades dieron a conocer a los usuarios y medios de comunicaci\u00f3n el derecho del Voto Asistido, el cual otorga a las personas con discapacidad y adultos mayores a participar de los procesos eleccionarios&nbsp;acompa\u00f1ados de una persona mayor de 18 a\u00f1os de su confianza, o solicitar asistencia al presidente de la mesa.<\/p>\n\n\n\n<p>La Delegada Jenniffer Rojas llam\u00f3 a la tranquilidad explicando que \u201cest\u00e1n todas las condiciones sanitarias para que la ciudadan\u00eda asista y para que las personas con discapacidad se sientan seguras a trav\u00e9s del voto asistido, porque entendemos que este proceso es largo, al existir por ejemplo en provincia de Magallanes en 78 candidatos a Consejeros Regionales (Cores)\u201d.<\/p>\n\n\n\n<p>A su vez, la Seremi (s) Catalina Alarc\u00f3n explic\u00f3 que \u201cnuestro Gobierno ha puesto especial \u00e9nfasis para que las personas mayores, con discapacidad y mujeres embarazadas vayan preparadas para esta elecci\u00f3n, lo que significa saber d\u00f3nde votar, situaci\u00f3n que se puede averiguar a trav\u00e9s del fono que tiene Servel o tambi\u00e9n para las personas mayores nuestro Fono Mayor que es el 800 400 035\u201d.<\/p>\n\n\n\n<p>Finalmente, el Director Regional de SENADIS, Iv\u00e1n Gonz\u00e1lez,&nbsp;reiter\u00f3 el llamado a las personas con discapacidad a ejercer su derecho a voto. \u201cHoy en nuestro pa\u00eds existen 2 millones 606 mil personas con discapacidad mayores de 18 a\u00f1os, cifra que en Magallanes corresponde a 26.977 personas. Queremos transmitir que se han dispuesto todas las condiciones para garantizar que las personas con discapacidad puedan ejercer su derecho&nbsp;ciudadano de forma segura y expedita, ya que tendr\u00e1n derecho preferente para votar durante toda la jornada.&nbsp;Hemos estado trabajando hace varios a\u00f1os para que cada proceso eleccionario sea cada vez m\u00e1s inclusivo\u201d, manifest\u00f3.<\/p>\n\n\n\n<p><strong>Sobre el proceso<\/strong><\/p>\n\n\n\n<p>En el caso de las personas con discapacidad visual, podr\u00e1n solicitar al presidente de la mesa la plantilla de votaci\u00f3n&nbsp;con ranuras o la plantilla con ranuras y n\u00fameros en Braille,&nbsp;las que estar\u00e1n disponibles en cada recinto donde funcionen las mesas receptoras de sufragio.<\/p>\n\n\n\n<p>Si la persona no puede ingresar a la c\u00e1mara secreta por usar camilla, silla de ruedas u otro motivo, estar\u00e1n autorizados para sufragar fuera de ella. En este caso, la mesa deber\u00e1 adoptar las medidas necesarias para mantener el secreto del voto.<\/p>\n\n\n\n<p>En relaci\u00f3n a las personas con discapacidad intelectual o auditiva, ellas tambi\u00e9n pueden estar acompa\u00f1adas por una persona mayor de 18 a\u00f1os que sea de su confianza, haciendo uso del Voto Asistido. Para esto debe comunicar al presidente de la mesa que el acompa\u00f1ante la asistir\u00e1 al interior de la c\u00e1mara secreta.<\/p>\n\n\n\n<p><strong>El Servicio Electoral&nbsp;<\/strong>adem\u00e1s ha dispuesto que las personas sordas puedan acceder a la interpretaci\u00f3n en lengua de se\u00f1as simult\u00e1nea a trav\u00e9s de la plataforma Vi-Sor, que funcionar\u00e1 de forma gratuita&nbsp;desde el jueves 18 al domingo 21 de noviembre&nbsp;para dudas o consultas, como tambi\u00e9n para dar apoyo en los locales de votaci\u00f3n, desde el mismo sitio web de Servel y el sitio web de Vi-Sor.<\/p>\n","protected":false},"excerpt":{"rendered":"<p>Hasta la Agrupaci\u00f3n de Amigos de los Ciegos (AGACI) de Punta Arenas llegaron la Delegada Presidencial Regional, Jenniffer Rojas, la Seremi de Desarrollo Social y Familia (s), Catalina Alarc\u00f3n, el&#8230; <a class=\"read-more\" href=\"https:\/\/www.radiopresidenteibanez.cl\/web\/autoridades-llaman-a-personas-con-discapacidad-a-participar-en-elecciones\/\">Leer m\u00e1s<\/a><\/p>\n","protected":false},"author":2,"featured_media":25598,"comment_status":"closed","ping_status":"closed","sticky":false,"template":"","format":"standard","meta":{"footnotes":""},"categories":[1],"tags":[],"class_list":["post-25597","post","type-post","status-publish","format-standard","has-post-thumbnail","hentry","category-cronica"],"_links":{"self":[{"href":"https:\/\/www.radiopresidenteibanez.cl\/web\/wp-json\/wp\/v2\/posts\/25597","targetHints":{"allow":["GET"]}}],"collection":[{"href":"https:\/\/www.radiopresidenteibanez.cl\/web\/wp-json\/wp\/v2\/posts"}],"about":[{"href":"https:\/\/www.radiopresidenteibanez.cl\/web\/wp-json\/wp\/v2\/types\/post"}],"author":[{"embeddable":true,"href":"https:\/\/www.radiopresidenteibanez.cl\/web\/wp-json\/wp\/v2\/users\/2"}],"replies":[{"embeddable":true,"href":"https:\/\/www.radiopresidenteibanez.cl\/web\/wp-json\/wp\/v2\/comments?post=25597"}],"version-history":[{"count":0,"href":"https:\/\/www.radiopresidenteibanez.cl\/web\/wp-json\/wp\/v2\/posts\/25597\/revisions"}],"wp:featuredmedia":[{"embeddable":true,"href":"https:\/\/www.radiopresidenteibanez.cl\/web\/wp-json\/wp\/v2\/media\/25598"}],"wp:attachment":[{"href":"https:\/\/www.radiopresidenteibanez.cl\/web\/wp-json\/wp\/v2\/media?parent=25597"}],"wp:term":[{"taxonomy":"category","embeddable":true,"href":"https:\/\/www.radiopresidenteibanez.cl\/web\/wp-json\/wp\/v2\/categories?post=25597"},{"taxonomy":"post_tag","embeddable":true,"href":"https:\/\/www.radiopresidenteibanez.cl\/web\/wp-json\/wp\/v2\/tags?post=25597"}],"curies":[{"name":"wp","href":"https:\/\/api.w.org\/{rel}","templated":true}]}}