{"id":25584,"date":"2021-11-20T09:45:15","date_gmt":"2021-11-20T12:45:15","guid":{"rendered":"https:\/\/www.radiopresidenteibanez.cl\/web\/?p=25584"},"modified":"2021-11-19T13:27:44","modified_gmt":"2021-11-19T16:27:44","slug":"proponen-nueva-ruta-turistica-en-tierra-del-fuego-con-puesta-en-valor-arquitectonica-de-ex-fabrica-de-cal-en-porvenir","status":"publish","type":"post","link":"https:\/\/www.radiopresidenteibanez.cl\/web\/proponen-nueva-ruta-turistica-en-tierra-del-fuego-con-puesta-en-valor-arquitectonica-de-ex-fabrica-de-cal-en-porvenir\/","title":{"rendered":"PROPONEN NUEVA RUTA TURISTICA EN TIERRA DEL FUEGO CON PUESTA EN VALOR ARQUITECTONICA DE EX FABRICA DE CAL EN PORVENIR"},"content":{"rendered":"\n<p>\n\nLa ex F\u00e1brica de Cal, establecida por el inmigrante croata Natalio Foretich Smerkini\u0107 en 1897, constituye el \u00fanico vestigio de la actividad industrial asociada a la producci\u00f3n de cal en el territorio. Situada a 3,7 km. de Porvenir, espec\u00edficamente en el sector de Punta Cantera, naci\u00f3 como respuesta a una necesidad en primera instancia de la ciudad de Punta Arenas por construir en material s\u00f3lido debido a los frecuentes siniestros que afectaban a las edificaciones en madera de la \u00e9poca.<\/p>\n\n\n\n<p>Se trata de la primera edificaci\u00f3n en la regi\u00f3n construida en piedra, al mismo estilo de las construcciones del litoral d\u00e1lmata y la \u00fanica de su tipo en el territorio, compuesta, principalmente, de mamposter\u00eda de piedra y ladrillo ensamblados a trav\u00e9s de la argamasa producida en el mismo lugar, materia prima que ser\u00eda indispensable para el levantamiento de alrededor del 90% de las edificaciones que hasta el d\u00eda de hoy componen el centro hist\u00f3rico de Punta arenas. El inmueble al d\u00eda de hoy y con el paso de las d\u00e9cadas, a\u00fan conserva parte de su estructura original, ya que una fracci\u00f3n fue recuperada en 2003 a trav\u00e9s un proyecto FONDART liderado por la Ilustre Municipalidad de Porvenir.<\/p>\n\n\n\n<p>Esta historia escondida en los parajes de Tierra del Fuego y que impuls\u00f3 su propio tatarabuelo durante la segunda mitad del siglo XIX, fue la inspiraci\u00f3n que nutri\u00f3 el trabajo de t\u00edtulo de la estudiante de quinto a\u00f1o de la carrera de Arquitectura de la UMAG, Milena Foretich Magna, quien bautiz\u00f3 su proyecto de finalizaci\u00f3n acad\u00e9mica como \u201cPuesta en valor de la antigua F\u00e1brica de Cal de Porvenir: Una propuesta para el desarrollo del turismo cultural de Tierra del Fuego\u201d, cuyo foco se centra en el rescate del patrimonio industrial de un inmueble que la conecta directamente con su origen familiar.<\/p>\n\n\n\n<p>\u201cMi tatarabuelo Natalio Foretich, fue un migrante croata que lleg\u00f3 aproximadamente a los 22 a\u00f1os de edad a Magallanes y a partir de los conocimientos que tra\u00eda desde Europa -principalmente de un legado familiar en el \u00e1rea de la construcci\u00f3n- logra instalar en la regi\u00f3n, no s\u00f3lo el fen\u00f3meno de la construcci\u00f3n en ladrillo, si no que una serie de servicios para la localidad como la primera carpinter\u00eda a vapor, una f\u00e1brica de ladrillos de producci\u00f3n local, la f\u00e1brica de cal para la producci\u00f3n de argamasa, entre varios otros, por lo que fue un exponente muy importante de la arquitectura regional y tengo el privilegio de traer al d\u00eda de hoy su trabajo que, a mi parecer, est\u00e1 escondido y siento que merece tener el reconocimiento de la cultura, y en general, de Magallanes. Por eso siento que no hay persona m\u00e1s indicada que yo para hacerlo y me siento profundamente orgullosa\u201d, manifest\u00f3 la futura profesional.<\/p>\n\n\n\n<figure class=\"wp-block-image size-large\"><img loading=\"lazy\" decoding=\"async\" width=\"1024\" height=\"397\" src=\"https:\/\/www.radiopresidenteibanez.cl\/web\/wp-content\/uploads\/2021\/11\/\u00danico-registro-fotogr\u00e1fico-de-la-F\u00e1brica-de-Cal-de-Porvenir-hacia-1900-durante-su-funcionamiento.-Autor-desconocido-1024x397.jpg\" alt=\"\" class=\"wp-image-25586\" srcset=\"https:\/\/www.radiopresidenteibanez.cl\/web\/wp-content\/uploads\/2021\/11\/\u00danico-registro-fotogr\u00e1fico-de-la-F\u00e1brica-de-Cal-de-Porvenir-hacia-1900-durante-su-funcionamiento.-Autor-desconocido-1024x397.jpg 1024w, https:\/\/www.radiopresidenteibanez.cl\/web\/wp-content\/uploads\/2021\/11\/\u00danico-registro-fotogr\u00e1fico-de-la-F\u00e1brica-de-Cal-de-Porvenir-hacia-1900-durante-su-funcionamiento.-Autor-desconocido-300x116.jpg 300w, https:\/\/www.radiopresidenteibanez.cl\/web\/wp-content\/uploads\/2021\/11\/\u00danico-registro-fotogr\u00e1fico-de-la-F\u00e1brica-de-Cal-de-Porvenir-hacia-1900-durante-su-funcionamiento.-Autor-desconocido-768x298.jpg 768w, https:\/\/www.radiopresidenteibanez.cl\/web\/wp-content\/uploads\/2021\/11\/\u00danico-registro-fotogr\u00e1fico-de-la-F\u00e1brica-de-Cal-de-Porvenir-hacia-1900-durante-su-funcionamiento.-Autor-desconocido-1536x595.jpg 1536w, https:\/\/www.radiopresidenteibanez.cl\/web\/wp-content\/uploads\/2021\/11\/\u00danico-registro-fotogr\u00e1fico-de-la-F\u00e1brica-de-Cal-de-Porvenir-hacia-1900-durante-su-funcionamiento.-Autor-desconocido.jpg 1770w\" sizes=\"auto, (max-width: 1024px) 100vw, 1024px\" \/><\/figure>\n\n\n\n<p><strong>La propuesta de arquitectura<\/strong><br>El proyecto que propone la alumna de la mano de su profesora gu\u00eda, Pilar Fern\u00e1ndez Hechenleitner, arquitecta y m\u00e1ster en Conservaci\u00f3n del Patrimonio, busca preservar los \u00fanicos vestigios existentes que dan cuenta de un proceso industrial sin precedentes en la zona. Para ello, la interpretaci\u00f3n, el estudio de la historia del origen y evoluci\u00f3n de las edificaciones en Magallanes, y la promoci\u00f3n de la importancia de sus precursores, se han definido como componentes esenciales de la propuesta y ejes del programa de arquitectura.<\/p>\n\n\n\n<p>Dichos ejes program\u00e1ticos se han resuelto mediante tres nuevos cuerpos interconectados entre s\u00ed, los cuales, a su vez, se enlazan con la antigua f\u00e1brica a trav\u00e9s de un sendero. En el inmueble existente, se busca recuperar y consolidar parte de la estructura da\u00f1ada, mejorando la estructura de cubierta, muros y suelo, a fin de abrir el recinto como pieza museogr\u00e1fica y espacio educativo. Para las \u00e1reas exteriores se busca complementar el edificio nuevo con el lugar, generando un recorrido exterior sobre cubierta que culmina en un mirador panor\u00e1mico que permite apreciar la f\u00e1brica, la bah\u00eda y sus diferentes especies de aves, y de fondo la ciudad de Porvenir. Y, adicionalmente, el proyecto busca inscribir al edificio en una ruta patrimonial, configurada por numerosos sitios de singular valor indicados en el plan maestro, con el fin de contribuir al turismo cultural de Tierra del Fuego.<\/p>\n\n\n\n<p>\u201cDentro de mi propuesta, a nivel macro, no s\u00f3lo propongo rescatar un patrimonio que est\u00e1 olvidado, sino que crear una nueva ruta tur\u00edstica en Tierra del Fuego, espec\u00edficamente en la comuna de Porvenir con la incorporaci\u00f3n de equipamiento tur\u00edstico para la ciudad, que bien sabemos al d\u00eda de hoy sus atractivos tur\u00edsticos son bien escasos para el nivel potencial que tiene Tierra del Fuego en esta materia. Entonces, en este caso es s\u00faper importante incorporar la f\u00e1brica, porque en la memoria colectiva de la comunidad de Porvenir existe un valor asociado respecto de lo que es la \u201cCasa de Piedra\u201d como muchos la conocen y en ese sentido, al ser un hito que ha estado por m\u00e1s de 120 a\u00f1os all\u00e1, siento que merece una nueva oportunidad y un aprovechamiento de la riqueza arquitect\u00f3nica que \u00e9sta posee.\u201d, explic\u00f3 la estudiante.<\/p>\n\n\n\n<p>La acad\u00e9mica Pilar Fern\u00e1ndez, en tanto, valor\u00f3 la selecci\u00f3n del trabajo resaltando que \u201cel proyecto de t\u00edtulo en el que Milena se encuentra trabajando, ha cumplido destacadamente con todos los aspectos que exige un ejercicio acad\u00e9mico de este tipo, pero tambi\u00e9n con un inter\u00e9s del Departamento de Arquitectura por desarrollar y visibilizar ante la comunidad propuestas que buscan resolver problem\u00e1ticas existentes en la regi\u00f3n, y que, al mismo tiempo, son posibles de inscribir en l\u00edneas de investigaci\u00f3n prioritarias para la instituci\u00f3n, como lo es el patrimonio regional\u201d.<br><\/p>\n","protected":false},"excerpt":{"rendered":"<p>La ex F\u00e1brica de Cal, establecida por el inmigrante croata Natalio Foretich Smerkini\u0107 en 1897, constituye el \u00fanico vestigio de la actividad industrial asociada a la producci\u00f3n de cal en&#8230; <a class=\"read-more\" href=\"https:\/\/www.radiopresidenteibanez.cl\/web\/proponen-nueva-ruta-turistica-en-tierra-del-fuego-con-puesta-en-valor-arquitectonica-de-ex-fabrica-de-cal-en-porvenir\/\">Leer m\u00e1s<\/a><\/p>\n","protected":false},"author":2,"featured_media":25585,"comment_status":"closed","ping_status":"closed","sticky":false,"template":"","format":"standard","meta":{"footnotes":""},"categories":[1],"tags":[],"class_list":["post-25584","post","type-post","status-publish","format-standard","has-post-thumbnail","hentry","category-cronica"],"_links":{"self":[{"href":"https:\/\/www.radiopresidenteibanez.cl\/web\/wp-json\/wp\/v2\/posts\/25584","targetHints":{"allow":["GET"]}}],"collection":[{"href":"https:\/\/www.radiopresidenteibanez.cl\/web\/wp-json\/wp\/v2\/posts"}],"about":[{"href":"https:\/\/www.radiopresidenteibanez.cl\/web\/wp-json\/wp\/v2\/types\/post"}],"author":[{"embeddable":true,"href":"https:\/\/www.radiopresidenteibanez.cl\/web\/wp-json\/wp\/v2\/users\/2"}],"replies":[{"embeddable":true,"href":"https:\/\/www.radiopresidenteibanez.cl\/web\/wp-json\/wp\/v2\/comments?post=25584"}],"version-history":[{"count":0,"href":"https:\/\/www.radiopresidenteibanez.cl\/web\/wp-json\/wp\/v2\/posts\/25584\/revisions"}],"wp:featuredmedia":[{"embeddable":true,"href":"https:\/\/www.radiopresidenteibanez.cl\/web\/wp-json\/wp\/v2\/media\/25585"}],"wp:attachment":[{"href":"https:\/\/www.radiopresidenteibanez.cl\/web\/wp-json\/wp\/v2\/media?parent=25584"}],"wp:term":[{"taxonomy":"category","embeddable":true,"href":"https:\/\/www.radiopresidenteibanez.cl\/web\/wp-json\/wp\/v2\/categories?post=25584"},{"taxonomy":"post_tag","embeddable":true,"href":"https:\/\/www.radiopresidenteibanez.cl\/web\/wp-json\/wp\/v2\/tags?post=25584"}],"curies":[{"name":"wp","href":"https:\/\/api.w.org\/{rel}","templated":true}]}}