{"id":25567,"date":"2021-11-19T12:17:00","date_gmt":"2021-11-19T15:17:00","guid":{"rendered":"https:\/\/www.radiopresidenteibanez.cl\/web\/?p=25567"},"modified":"2021-11-19T11:54:00","modified_gmt":"2021-11-19T14:54:00","slug":"servicio-de-dialisis-del-hospital-de-natales-realizo-jornada-preventiva-y-educativa-enmarcada-en-el-dia-mundial-contra-la-diabetes","status":"publish","type":"post","link":"https:\/\/www.radiopresidenteibanez.cl\/web\/servicio-de-dialisis-del-hospital-de-natales-realizo-jornada-preventiva-y-educativa-enmarcada-en-el-dia-mundial-contra-la-diabetes\/","title":{"rendered":"SERVICIO DE DIALISIS DEL HOSPITAL DE NATALES REALIZO JORNADA PREVENTIVA Y EDUCATIVA ENMARCADA EN EL DIA MUNDIAL CONTRA LA DIABETES"},"content":{"rendered":"\n<p>Con el objetivo de conmemorar el D\u00eda\nMundial Contra la Diabetes, el Servicio de Di\u00e1lisis del Hospital Dr. Augusto\nEssmann Burgos de Puerto Natales realiz\u00f3 una jornada educativa y preventiva\ndirigida hacia la comunidad, adem\u00e1s de efectuarse la respectiva toma de\nglicemia a usuarios de la red.<\/p>\n\n\n\n<p>La diabetes es definida como\nel&nbsp;aumento cr\u00f3nico de la glucosa en sangre, condici\u00f3n que puede afectar al\ncoraz\u00f3n y los vasos sangu\u00edneos, los ojos, los ri\u00f1ones y los nervios. Las\npersonas diab\u00e9ticas corren un gran riesgo de desarrollar infecciones, sin\nolvidar que la diabetes es una de las&nbsp;principales causas de la enfermedad\ncardiovascular, la ceguera, la insuficiencia renal y la amputaci\u00f3n de\nextremidades inferiores.<\/p>\n\n\n\n<p>El enfermero supervisor de la Unidad\nde Di\u00e1lisis del Hospital de Natales, Hugo Arias Troncoso, destac\u00f3 la\nimportancia de esta jornada preventiva dirigida hacia la comunidad, haciendo\nprincipal \u00e9nfasis en las graves consecuencias que genera esta patolog\u00eda si no\nse tiene un control adecuado.<\/p>\n\n\n\n<p>\u201cTenemos que tener en cuenta que la diabetes\nen el mundo y en nuestro pa\u00eds causa una cantidad importante de muertes y que es\ncomparativamente superior a la mortalidad por COVID-19. Es decir, si no se\ntiene un control y una supervisi\u00f3n correcta de esta patolog\u00eda, puede generar graves\nconsecuencias como p\u00e9rdida de capacidades funcionales, problemas renales,\nfallas en la visi\u00f3n y neuropat\u00edas perif\u00e9ricas que pueden desencadenarse en la\namputaci\u00f3n de extremidades inferiores\u201d, indic\u00f3 Arias.<\/p>\n\n\n\n<p>Por su parte, el presidente de la\nAgrupaci\u00f3n de Dializados y Enfermos Renales de Puerto Natales (Aditer), Walter\nVera, se\u00f1al\u00f3 que \u201ces importante que nuestro hospital genere estas instancias\npreventivas y educativas hacia la comunidad, sobre todo con una patolog\u00eda tan complicada\ncomo lo es la diabetes hoy en d\u00eda para toda persona que la padece y que se tiene\nque controlar peri\u00f3dicamente para evitar el avance de esta enfermedad\u201d,\npuntualiz\u00f3 el presidente de Aditer.<\/p>\n\n\n\n<p>Cabe destacar que, <strong>seg\u00fan cifras de la\nFederaci\u00f3n Internacional de Diabetes, el 12% de los chilenos presenta diabetes,\nel doble con respecto a una d\u00e9cada atr\u00e1s. Es por ello, que el principal recinto\nhospitalario de \u00daltima Esperanza hace un llamado a la comunidad a prevenir esta\npatolog\u00eda.<\/strong><\/p>\n","protected":false},"excerpt":{"rendered":"<p>Con el objetivo de conmemorar el D\u00eda Mundial Contra la Diabetes, el Servicio de Di\u00e1lisis del Hospital Dr. Augusto Essmann Burgos de Puerto Natales realiz\u00f3 una jornada educativa y preventiva&#8230; <a class=\"read-more\" href=\"https:\/\/www.radiopresidenteibanez.cl\/web\/servicio-de-dialisis-del-hospital-de-natales-realizo-jornada-preventiva-y-educativa-enmarcada-en-el-dia-mundial-contra-la-diabetes\/\">Leer m\u00e1s<\/a><\/p>\n","protected":false},"author":2,"featured_media":25568,"comment_status":"closed","ping_status":"closed","sticky":false,"template":"","format":"standard","meta":{"footnotes":""},"categories":[1],"tags":[],"class_list":["post-25567","post","type-post","status-publish","format-standard","has-post-thumbnail","hentry","category-cronica"],"_links":{"self":[{"href":"https:\/\/www.radiopresidenteibanez.cl\/web\/wp-json\/wp\/v2\/posts\/25567","targetHints":{"allow":["GET"]}}],"collection":[{"href":"https:\/\/www.radiopresidenteibanez.cl\/web\/wp-json\/wp\/v2\/posts"}],"about":[{"href":"https:\/\/www.radiopresidenteibanez.cl\/web\/wp-json\/wp\/v2\/types\/post"}],"author":[{"embeddable":true,"href":"https:\/\/www.radiopresidenteibanez.cl\/web\/wp-json\/wp\/v2\/users\/2"}],"replies":[{"embeddable":true,"href":"https:\/\/www.radiopresidenteibanez.cl\/web\/wp-json\/wp\/v2\/comments?post=25567"}],"version-history":[{"count":0,"href":"https:\/\/www.radiopresidenteibanez.cl\/web\/wp-json\/wp\/v2\/posts\/25567\/revisions"}],"wp:featuredmedia":[{"embeddable":true,"href":"https:\/\/www.radiopresidenteibanez.cl\/web\/wp-json\/wp\/v2\/media\/25568"}],"wp:attachment":[{"href":"https:\/\/www.radiopresidenteibanez.cl\/web\/wp-json\/wp\/v2\/media?parent=25567"}],"wp:term":[{"taxonomy":"category","embeddable":true,"href":"https:\/\/www.radiopresidenteibanez.cl\/web\/wp-json\/wp\/v2\/categories?post=25567"},{"taxonomy":"post_tag","embeddable":true,"href":"https:\/\/www.radiopresidenteibanez.cl\/web\/wp-json\/wp\/v2\/tags?post=25567"}],"curies":[{"name":"wp","href":"https:\/\/api.w.org\/{rel}","templated":true}]}}