{"id":2556,"date":"2019-03-22T15:26:45","date_gmt":"2019-03-22T15:26:45","guid":{"rendered":"http:\/\/www.radiopresidenteibanez.cl\/web\/?p=2556"},"modified":"2019-03-22T15:26:53","modified_gmt":"2019-03-22T15:26:53","slug":"expomundorural-2019-congregara-un-centenar-de-expositores-y-un-atractivo-programa-de-actividades","status":"publish","type":"post","link":"https:\/\/www.radiopresidenteibanez.cl\/web\/expomundorural-2019-congregara-un-centenar-de-expositores-y-un-atractivo-programa-de-actividades\/","title":{"rendered":"EXPOMUNDORURAL 2019 CONGREGAR\u00c1 UN CENTENAR DE EXPOSITORES Y UN ATRACTIVO PROGRAMA DE ACTIVIDADES"},"content":{"rendered":"\n<p>Un centenar de expositores en 38 stands dar\u00e1n vida a la fiesta campesina\nm\u00e1s importante de la Patagonia, la ExpoMundoRural 2019. La muestra se realizar\u00e1\nlos d\u00edas s\u00e1bado 30 y domingo 31 de marzo, entre las 10:00 y las 20:00 horas en\nel Centro de Eventos Cordenap de Punta Arenas (Av. Bulnes 01465) con entrada\nliberada. <\/p>\n\n\n\n<p>El evento fue lanzado esta ma\u00f1ana en una actividad encabezada por el\nDirector Regional del Instituto de Desarrollo Agropecuario (INDAP), Petar\nBradasic, y realizada en la parcela de la horticultora Erna Villarroel. En\nmedio de cultivos de frutillas, diversos tipos de papas y tomates, entre otras\nfrutas y hortalizas cultivadas por la productora, la autoridad destac\u00f3 la\nimportancia del convenio suscrito entre dicho servicio y el Gobierno Regional,\nas\u00ed como la necesidad de mantenerlo en el tiempo. \u201cLos recursos contemplados en\neste convenio involucran una inyecci\u00f3n de m\u00e1s de 3 mil millones de pesos a la\nagricultura, en un plazo de dos a\u00f1os\u201d, expres\u00f3.<\/p>\n\n\n\n<p>Dicho acuerdo fue aprobado en 2017 y las principales obras se han\nrealizado entre 2018 y el a\u00f1o en curso, incluyendo construcci\u00f3n de invernaderos,\npozos profundos, as\u00ed como la entrega de maquinaria (de rotovatores a tractores),\nadem\u00e1s de la realizaci\u00f3n de giras t\u00e9cnicas nacionales e internacionales, capacitaciones\nespec\u00edficas e instancias de apoyo a la comercializaci\u00f3n.<\/p>\n\n\n\n<p>Adem\u00e1s de reunir un variado grupo de expositores\nde toda regi\u00f3n que ofrecer\u00e1n hortalizas, plantas, artesan\u00eda y preparaciones\ngastron\u00f3micas, la ExpoMundoRural 2019 contar\u00e1 tambi\u00e9n con un nutrido\nprograma de juegos tradicionales, talleres de cocina, degustaci\u00f3n de asados,\npresentaciones musicales y talleres para toda la familia.<\/p>\n\n\n\n<p>ExpoMundoRural 2019 es un evento de exposici\u00f3n organizado por INDAP, que se ha consolidado como la vitrina m\u00e1s relevante y masiva para que la comunidad regional acceda a una amplia variedad de productos, cultivados con buenas pr\u00e1cticas gracias a la calidad y esfuerzo de quienes desarrollan la Agricultura Familiar Campesina.<\/p>\n\n\n\n<ul class=\"wp-block-gallery columns-2 is-cropped wp-block-gallery-1 is-layout-flex wp-block-gallery-is-layout-flex\"><li class=\"blocks-gallery-item\"><figure><img loading=\"lazy\" decoding=\"async\" width=\"900\" height=\"600\" src=\"https:\/\/www.radiopresidenteibanez.cl\/web\/wp-content\/uploads\/2019\/03\/IMG_1265.jpg\" alt=\"\" data-id=\"2557\" data-link=\"https:\/\/www.radiopresidenteibanez.cl\/web\/?attachment_id=2557\" class=\"wp-image-2557\" srcset=\"https:\/\/www.radiopresidenteibanez.cl\/web\/wp-content\/uploads\/2019\/03\/IMG_1265.jpg 900w, https:\/\/www.radiopresidenteibanez.cl\/web\/wp-content\/uploads\/2019\/03\/IMG_1265-300x200.jpg 300w, https:\/\/www.radiopresidenteibanez.cl\/web\/wp-content\/uploads\/2019\/03\/IMG_1265-768x512.jpg 768w\" sizes=\"auto, (max-width: 900px) 100vw, 900px\" \/><\/figure><\/li><li class=\"blocks-gallery-item\"><figure><img loading=\"lazy\" decoding=\"async\" width=\"900\" height=\"600\" src=\"https:\/\/www.radiopresidenteibanez.cl\/web\/wp-content\/uploads\/2019\/03\/IMG_1341.jpg\" alt=\"\" data-id=\"2558\" data-link=\"https:\/\/www.radiopresidenteibanez.cl\/web\/?attachment_id=2558\" class=\"wp-image-2558\" srcset=\"https:\/\/www.radiopresidenteibanez.cl\/web\/wp-content\/uploads\/2019\/03\/IMG_1341.jpg 900w, https:\/\/www.radiopresidenteibanez.cl\/web\/wp-content\/uploads\/2019\/03\/IMG_1341-300x200.jpg 300w, https:\/\/www.radiopresidenteibanez.cl\/web\/wp-content\/uploads\/2019\/03\/IMG_1341-768x512.jpg 768w\" sizes=\"auto, (max-width: 900px) 100vw, 900px\" \/><\/figure><\/li><\/ul>\n","protected":false},"excerpt":{"rendered":"<p>Un centenar de expositores en 38 stands dar\u00e1n vida a la fiesta campesina m\u00e1s importante de la Patagonia, la ExpoMundoRural 2019. La muestra se realizar\u00e1 los d\u00edas s\u00e1bado 30 y&#8230; <a class=\"read-more\" href=\"https:\/\/www.radiopresidenteibanez.cl\/web\/expomundorural-2019-congregara-un-centenar-de-expositores-y-un-atractivo-programa-de-actividades\/\">Leer m\u00e1s<\/a><\/p>\n","protected":false},"author":2,"featured_media":2558,"comment_status":"closed","ping_status":"closed","sticky":false,"template":"","format":"standard","meta":{"footnotes":""},"categories":[1],"tags":[],"class_list":["post-2556","post","type-post","status-publish","format-standard","has-post-thumbnail","hentry","category-cronica"],"_links":{"self":[{"href":"https:\/\/www.radiopresidenteibanez.cl\/web\/wp-json\/wp\/v2\/posts\/2556","targetHints":{"allow":["GET"]}}],"collection":[{"href":"https:\/\/www.radiopresidenteibanez.cl\/web\/wp-json\/wp\/v2\/posts"}],"about":[{"href":"https:\/\/www.radiopresidenteibanez.cl\/web\/wp-json\/wp\/v2\/types\/post"}],"author":[{"embeddable":true,"href":"https:\/\/www.radiopresidenteibanez.cl\/web\/wp-json\/wp\/v2\/users\/2"}],"replies":[{"embeddable":true,"href":"https:\/\/www.radiopresidenteibanez.cl\/web\/wp-json\/wp\/v2\/comments?post=2556"}],"version-history":[{"count":0,"href":"https:\/\/www.radiopresidenteibanez.cl\/web\/wp-json\/wp\/v2\/posts\/2556\/revisions"}],"wp:featuredmedia":[{"embeddable":true,"href":"https:\/\/www.radiopresidenteibanez.cl\/web\/wp-json\/wp\/v2\/media\/2558"}],"wp:attachment":[{"href":"https:\/\/www.radiopresidenteibanez.cl\/web\/wp-json\/wp\/v2\/media?parent=2556"}],"wp:term":[{"taxonomy":"category","embeddable":true,"href":"https:\/\/www.radiopresidenteibanez.cl\/web\/wp-json\/wp\/v2\/categories?post=2556"},{"taxonomy":"post_tag","embeddable":true,"href":"https:\/\/www.radiopresidenteibanez.cl\/web\/wp-json\/wp\/v2\/tags?post=2556"}],"curies":[{"name":"wp","href":"https:\/\/api.w.org\/{rel}","templated":true}]}}