{"id":2553,"date":"2019-03-22T15:20:46","date_gmt":"2019-03-22T15:20:46","guid":{"rendered":"http:\/\/www.radiopresidenteibanez.cl\/web\/?p=2553"},"modified":"2019-03-22T15:21:05","modified_gmt":"2019-03-22T15:21:05","slug":"consejero-antonio-bradasic-ante-futuro-encuentro-con-ministro-de-la-vivienda-esperamos-que-magallanes-sea-reconocida-como-una-realidad-distinta-en-materia-habitacional","status":"publish","type":"post","link":"https:\/\/www.radiopresidenteibanez.cl\/web\/consejero-antonio-bradasic-ante-futuro-encuentro-con-ministro-de-la-vivienda-esperamos-que-magallanes-sea-reconocida-como-una-realidad-distinta-en-materia-habitacional\/","title":{"rendered":"CONSEJERO ANTONIO BRADASIC ANTE FUTURO ENCUENTRO CON MINISTRO DE LA VIVIENDA: ESPERAMOS QUE MAGALLANES SEA RECONOCIDA COMO UNA REALIDAD DISTINTA EN MATERIA HABITACIONAL"},"content":{"rendered":"\n<p>Ratificando lo se\u00f1alado, por el Consejero Regional Antonio Bradasic el 27 de febrero pasado en un comunicado de prensa, en el cual indicaba que&nbsp;la actual pol\u00edtica del Ministerio de la Vivienda no considera las particularidades de la regi\u00f3n, el representante de la provincia de Magallanes se sumar\u00e1 a la comitiva durante las pr\u00f3ximas semana con&nbsp;el Ministro de Vivienda, Cristi\u00e1n Monckeberg.<\/p>\n\n\n\n<p>La comisi\u00f3n designada que viajar\u00e1 esta compuesta por los consejeros Antonio Bradasic, Andr\u00e9s L\u00f3pez, Yammy Warner, Marcelo Garrido, Roxana Gallardo, Miguel Sierpe y Juan Vukusic,Dicha comitiva, ser\u00e1 liderada por el Presidente del Cuerpo Colegiado, Tolentino Soto.<\/p>\n\n\n\n<p>Durante este viaje tambi\u00e9n esperan reunirse con los ministros de Educaci\u00f3n y Deportes.<br><br><\/p>\n\n\n\n<p>En la oportunidad el CORE Bradasic espera manifestar al Ministro que&nbsp;<strong>\u201ces importante que el Minvu<\/strong><strong>considere que esta regi\u00f3n tiene caracter\u00edsticas territoriales diferentes al resto del pa\u00eds y principalmente con Santiago. Hasta la fecha, s\u00f3lo se priorizan departamentos, cuadripareos o casa de dos pisos de poca superficie cu\u00e1ndo en la zona existe mayor superficie territorial. Agreg\u00f3 que \u201ces innecesario vivir tan apretados como en la capital\u201d.<\/strong><\/p>\n\n\n\n<p>Los Consejeros tambi\u00e9n plantear\u00e1n al Ministro\u00a0que es importante que la regi\u00f3n cuente con su propia pol\u00edtica habitacional, y que los proyectos que se ejecuten se acorden a la realidad local.\u00a0<br><br>Bradasic reiter\u00f3 que se conversar\u00e1 con la autoridad nacional que Magallanes no desconoce el esfuerzo que se ha realizado en material habitacional en las \u00faltimas d\u00e9cadas en este \u00e1mbito. Haciendo hincapi\u00e9 que \u201c<strong>la pol\u00edtica habitacional del Estado debe ser m\u00e1s representativa de la poblaci\u00f3n magall\u00e1nica. El costo de las viviendas son alt\u00edsimas en esta zona y que se requiere programas sociales por parte del Estado para\u00a0 los sectores sociales vulnerables, pero tambi\u00e9n para los denominados sectores medios que con gran esfuerzo progresan pero a la vez son \u201ccastigados\u201d\u00a0 por este esfuerzo por tener una mayor renta, que no llega a ser atractiva para los bancos.Estas familias de nivel medio o emergente se encuentran en tierra de nadie\u201d.<\/strong><\/p>\n\n\n\n<figure class=\"wp-block-image\"><img loading=\"lazy\" decoding=\"async\" width=\"1024\" height=\"683\" src=\"https:\/\/www.radiopresidenteibanez.cl\/web\/wp-content\/uploads\/2019\/03\/Antonio-Bradasica-Web-3-1024x683.jpg\" alt=\"\" class=\"wp-image-2554\" srcset=\"https:\/\/www.radiopresidenteibanez.cl\/web\/wp-content\/uploads\/2019\/03\/Antonio-Bradasica-Web-3-1024x683.jpg 1024w, https:\/\/www.radiopresidenteibanez.cl\/web\/wp-content\/uploads\/2019\/03\/Antonio-Bradasica-Web-3-300x200.jpg 300w, https:\/\/www.radiopresidenteibanez.cl\/web\/wp-content\/uploads\/2019\/03\/Antonio-Bradasica-Web-3-768x512.jpg 768w, https:\/\/www.radiopresidenteibanez.cl\/web\/wp-content\/uploads\/2019\/03\/Antonio-Bradasica-Web-3.jpg 1500w\" sizes=\"auto, (max-width: 1024px) 100vw, 1024px\" \/><\/figure>\n","protected":false},"excerpt":{"rendered":"<p>Ratificando lo se\u00f1alado, por el Consejero Regional Antonio Bradasic el 27 de febrero pasado en un comunicado de prensa, en el cual indicaba que&nbsp;la actual pol\u00edtica del Ministerio de la&#8230; <a class=\"read-more\" href=\"https:\/\/www.radiopresidenteibanez.cl\/web\/consejero-antonio-bradasic-ante-futuro-encuentro-con-ministro-de-la-vivienda-esperamos-que-magallanes-sea-reconocida-como-una-realidad-distinta-en-materia-habitacional\/\">Leer m\u00e1s<\/a><\/p>\n","protected":false},"author":2,"featured_media":2554,"comment_status":"closed","ping_status":"closed","sticky":false,"template":"","format":"standard","meta":{"footnotes":""},"categories":[1],"tags":[],"class_list":["post-2553","post","type-post","status-publish","format-standard","has-post-thumbnail","hentry","category-cronica"],"_links":{"self":[{"href":"https:\/\/www.radiopresidenteibanez.cl\/web\/wp-json\/wp\/v2\/posts\/2553","targetHints":{"allow":["GET"]}}],"collection":[{"href":"https:\/\/www.radiopresidenteibanez.cl\/web\/wp-json\/wp\/v2\/posts"}],"about":[{"href":"https:\/\/www.radiopresidenteibanez.cl\/web\/wp-json\/wp\/v2\/types\/post"}],"author":[{"embeddable":true,"href":"https:\/\/www.radiopresidenteibanez.cl\/web\/wp-json\/wp\/v2\/users\/2"}],"replies":[{"embeddable":true,"href":"https:\/\/www.radiopresidenteibanez.cl\/web\/wp-json\/wp\/v2\/comments?post=2553"}],"version-history":[{"count":0,"href":"https:\/\/www.radiopresidenteibanez.cl\/web\/wp-json\/wp\/v2\/posts\/2553\/revisions"}],"wp:featuredmedia":[{"embeddable":true,"href":"https:\/\/www.radiopresidenteibanez.cl\/web\/wp-json\/wp\/v2\/media\/2554"}],"wp:attachment":[{"href":"https:\/\/www.radiopresidenteibanez.cl\/web\/wp-json\/wp\/v2\/media?parent=2553"}],"wp:term":[{"taxonomy":"category","embeddable":true,"href":"https:\/\/www.radiopresidenteibanez.cl\/web\/wp-json\/wp\/v2\/categories?post=2553"},{"taxonomy":"post_tag","embeddable":true,"href":"https:\/\/www.radiopresidenteibanez.cl\/web\/wp-json\/wp\/v2\/tags?post=2553"}],"curies":[{"name":"wp","href":"https:\/\/api.w.org\/{rel}","templated":true}]}}