{"id":25436,"date":"2021-11-13T11:19:12","date_gmt":"2021-11-13T14:19:12","guid":{"rendered":"https:\/\/www.radiopresidenteibanez.cl\/web\/?p=25436"},"modified":"2021-11-12T17:13:17","modified_gmt":"2021-11-12T20:13:17","slug":"colmevet-realizara-curso-de-tenencia-responsable-de-mascotas","status":"publish","type":"post","link":"https:\/\/www.radiopresidenteibanez.cl\/web\/colmevet-realizara-curso-de-tenencia-responsable-de-mascotas\/","title":{"rendered":"COLMEVET REALIZARA CURSO DE TENENCIA RESPONSABLE DE MASCOTAS"},"content":{"rendered":"\n<p><strong>\u00bfMordeduras? \u00bfDestrucci\u00f3n de muebles? \u00bfProblemas en\nlos paseos? \u00bfOrina en lugar inadecuado? <\/strong><\/p>\n\n\n\n<p><em>El Colegio M\u00e9dico Veterinario impartir\u00e1 a partir\ndel 23 de noviembre curso on line a todo p\u00fablico, para que tutores de mascotas\naprendan su lenguaje, emociones y provean de un ambiente adecuado para mejorar\nel v\u00ednculo y el bienestar de perros y gatos <\/em><\/p>\n\n\n\n<p>\u00bfRasgu\u00f1os,\nmordidas y agresividad? \u00bfno va al ba\u00f1o en el lugar correcto? \u00bfdestrucci\u00f3n de\nmuebles? \u00bfproblemas en los paseos? &nbsp;Toda\npersona que ha tenido un perro o gato en su familia sabe que entender su\ncomportamiento no siempre es una tarea f\u00e1cil. Por esto, la OTEC del Colegio\nM\u00e9dico Veterinario de Chile (Colmevet) impartir\u00e1 desde el pr\u00f3ximo 23 de\nnoviembre el curso on line en modalidad asincr\u00f3nica \u00abEntrena y mejora el\ncomportamiento de perros y gatos\u00bb. Esta iniciativa para todo p\u00fablico,\npermitir\u00e1 que los participantes aprendan el lenguaje, conozcan las emociones y\nprovean de un ambiente adecuado a las mascotas para mejorar el v\u00ednculo y el\nbienestar su bienestar y el de toda la familia. <\/p>\n\n\n\n<p>\u201cDesde OTEC\nColmevet estamos entregando herramientas para que los tutores de mascotas o\nquienes trabajen con animales, puedan ser m\u00e1s efectivos en la relaci\u00f3n con\nperros y gatos. Hablar de tenencia responsable y bienestar, debe venir\naparejado con informaci\u00f3n y capacitaci\u00f3n para que las personas la puedan\naplicar de manera f\u00e1cil en sus casas o trabajos\u201d, indic\u00f3 la Dra. Mar\u00eda Jos\u00e9\nUbilla, Presidenta Nacional de Colmevet y destacada et\u00f3loga. <\/p>\n\n\n\n<p>El curso\ncontempla cuatro m\u00f3dulos (Comportamiento Natural Canino y Felino, Bases del\nEntrenamiento Animal, Bienestar Animal y Modificaci\u00f3n Conductual), tiene un\nvalor de $25.000 y ser\u00e1 impartido por destacados m\u00e9dicos veterinarios y\nespecialistas en etolog\u00eda: Dra. Ana Francisca Soto, Dra. Tamara Vergara y el\nDr. Vicente Celed\u00f3n. <\/p>\n","protected":false},"excerpt":{"rendered":"<p>\u00bfMordeduras? \u00bfDestrucci\u00f3n de muebles? \u00bfProblemas en los paseos? \u00bfOrina en lugar inadecuado? El Colegio M\u00e9dico Veterinario impartir\u00e1 a partir del 23 de noviembre curso on line a todo p\u00fablico, para&#8230; <a class=\"read-more\" href=\"https:\/\/www.radiopresidenteibanez.cl\/web\/colmevet-realizara-curso-de-tenencia-responsable-de-mascotas\/\">Leer m\u00e1s<\/a><\/p>\n","protected":false},"author":2,"featured_media":25437,"comment_status":"closed","ping_status":"closed","sticky":false,"template":"","format":"standard","meta":{"footnotes":""},"categories":[1],"tags":[],"class_list":["post-25436","post","type-post","status-publish","format-standard","has-post-thumbnail","hentry","category-cronica"],"_links":{"self":[{"href":"https:\/\/www.radiopresidenteibanez.cl\/web\/wp-json\/wp\/v2\/posts\/25436","targetHints":{"allow":["GET"]}}],"collection":[{"href":"https:\/\/www.radiopresidenteibanez.cl\/web\/wp-json\/wp\/v2\/posts"}],"about":[{"href":"https:\/\/www.radiopresidenteibanez.cl\/web\/wp-json\/wp\/v2\/types\/post"}],"author":[{"embeddable":true,"href":"https:\/\/www.radiopresidenteibanez.cl\/web\/wp-json\/wp\/v2\/users\/2"}],"replies":[{"embeddable":true,"href":"https:\/\/www.radiopresidenteibanez.cl\/web\/wp-json\/wp\/v2\/comments?post=25436"}],"version-history":[{"count":0,"href":"https:\/\/www.radiopresidenteibanez.cl\/web\/wp-json\/wp\/v2\/posts\/25436\/revisions"}],"wp:featuredmedia":[{"embeddable":true,"href":"https:\/\/www.radiopresidenteibanez.cl\/web\/wp-json\/wp\/v2\/media\/25437"}],"wp:attachment":[{"href":"https:\/\/www.radiopresidenteibanez.cl\/web\/wp-json\/wp\/v2\/media?parent=25436"}],"wp:term":[{"taxonomy":"category","embeddable":true,"href":"https:\/\/www.radiopresidenteibanez.cl\/web\/wp-json\/wp\/v2\/categories?post=25436"},{"taxonomy":"post_tag","embeddable":true,"href":"https:\/\/www.radiopresidenteibanez.cl\/web\/wp-json\/wp\/v2\/tags?post=25436"}],"curies":[{"name":"wp","href":"https:\/\/api.w.org\/{rel}","templated":true}]}}