{"id":2543,"date":"2019-03-22T15:08:30","date_gmt":"2019-03-22T15:08:30","guid":{"rendered":"http:\/\/www.radiopresidenteibanez.cl\/web\/?p=2543"},"modified":"2019-03-22T20:33:13","modified_gmt":"2019-03-22T20:33:13","slug":"lider-de-la-asociacion-de-pacientes-oncologicos-advierte-falencias-en-ley-de-cancer-y-llama-a-ciudadania-a-usar-plataforma-online-de-participacion","status":"publish","type":"post","link":"https:\/\/www.radiopresidenteibanez.cl\/web\/lider-de-la-asociacion-de-pacientes-oncologicos-advierte-falencias-en-ley-de-cancer-y-llama-a-ciudadania-a-usar-plataforma-online-de-participacion\/","title":{"rendered":"L\u00cdDER DE LA ASOCIACI\u00d3N DE PACIENTES ONCOL\u00d3GICOS ADVIERTE FALENCIAS EN LEY DE C\u00c1NCER Y LLAMA A CIUDADAN\u00cdA A USAR PLATAFORMA ONLINE DE PARTICIPACI\u00d3N"},"content":{"rendered":"\n<p>Un fuerte llamado a participar de la in\u00e9dita plataforma ciudadana que se cre\u00f3 para comentar la tramitaci\u00f3n de la Ley Nacional del C\u00e1ncer (<a rel=\"noreferrer noopener\" href=\"http:\/\/www.leynacionaldelcancer.com\/\" target=\"_blank\">www.leynacionaldelcancer.com<\/a>), es la que hace la l\u00edder de la Asociaci\u00f3n de Pacientes Oncol\u00f3gicos y directora de la Fundaci\u00f3n GIST Chile (dedicada a apoyar, acompa\u00f1ar, educar, informar y abogar por los derechos de los pacientes con c\u00e1nceres gastrointestinales), Piga Fern\u00e1ndez, con el objetivo de que sean considerados temas relevantes como la falta de acceso a los nuevos tratamientos que la tecnolog\u00eda m\u00e9dica y farmac\u00e9utica ofrecen a los pacientes.\u00a0<\/p>\n\n\n\n<p><br>\u201cHoy tenemos la oportunidad de ser escuchadas y escuchados a trav\u00e9s de una idea muy buena que puede quedar s\u00f3lo en buenas intenciones si no nos hacemos cargo como ciudadanos. Esta plataforma creada por la sociedad civil con el apoyo de la Universidad MIT, abre la opci\u00f3n de hacer las indicaciones y comentarios sobre lo que consideramos que falta o hay que cambiar en la propuesta del Gobierno. Necesitamos que en el Congreso exista mayor conciencia sobre la importancia del acceso p\u00fablico a los nuevos tratamientos. El Estado no debe darle la espalda a tantas personas que necesitan de estos nuevos procedimientos para enfrentar la enfermedad y tener una mayor sobrevida y en mejores condiciones en cuanto a la calidad de vida.\u201d, asegur\u00f3 Fern\u00e1ndez.<\/p>\n\n\n\n<p><br>A fin de mes se vence el plazo para introducir indicaciones a esta iniciativa parlamentaria que fue anunciada por la Senadora Carolina Goic, por lo cual la plataforma online estar\u00e1 habilitada s\u00f3lo por lo que queda de marzo. Su uso es bastante amigable ya que solo se debe ingresar a\u00a0<a rel=\"noreferrer noopener\" href=\"http:\/\/www.leynacionaldelcancer.com\/\" target=\"_blank\">www.leynacionaldelcancer.com<\/a>\u00a0y registrarse en la plataforma. Una vez registrado, se puede acceder a cada uno de los art\u00edculos de la ley que propuso el Gobierno para debatir en el Senado. La persona interesada puede dejar su comentario, indicaci\u00f3n o idea en cada uno de los art\u00edculos. Todos los comentarios ser\u00e1n recogidos, analizados e integrados en un informe final elaborado por un grupo de expertos que ser\u00e1 entregado a los senadores y publicado en el sitio web.<\/p>\n\n\n\n<p><br>\u201cEs tiempo de empoderarnos como ciudadanos y hacernos parte. No perdamos la oportunidad. Para que en Chile tengamos una ley que realmente proteja los derechos de todas las personas diagnosticadas con c\u00e1ncer as\u00ed como los de sus familias, es clave que aprovechemos este espacio in\u00e9dito para que la ciudadan\u00eda se haga parte en una iniciativa parlamentaria. El c\u00e1ncer es un tema que nos afecta\u00a0 todos, no perdamos la oportunidad de dar nuestra opini\u00f3n para que la ley proteja los derechos de todas las personas diagnosticadas con esta enfermedad que para el 2020 ser\u00e1 la primera causa de muerte en Chile\u201d, agreg\u00f3. <\/p>\n\n\n\n<figure class=\"wp-block-image\"><img loading=\"lazy\" decoding=\"async\" width=\"1024\" height=\"1024\" src=\"https:\/\/www.radiopresidenteibanez.cl\/web\/wp-content\/uploads\/2019\/03\/Piga-1024x1024.jpg\" alt=\"\" class=\"wp-image-2544\" srcset=\"https:\/\/www.radiopresidenteibanez.cl\/web\/wp-content\/uploads\/2019\/03\/Piga-1024x1024.jpg 1024w, https:\/\/www.radiopresidenteibanez.cl\/web\/wp-content\/uploads\/2019\/03\/Piga-150x150.jpg 150w, https:\/\/www.radiopresidenteibanez.cl\/web\/wp-content\/uploads\/2019\/03\/Piga-300x300.jpg 300w, https:\/\/www.radiopresidenteibanez.cl\/web\/wp-content\/uploads\/2019\/03\/Piga-768x768.jpg 768w, https:\/\/www.radiopresidenteibanez.cl\/web\/wp-content\/uploads\/2019\/03\/Piga.jpg 1200w\" sizes=\"auto, (max-width: 1024px) 100vw, 1024px\" \/><\/figure>\n","protected":false},"excerpt":{"rendered":"<p>Un fuerte llamado a participar de la in\u00e9dita plataforma ciudadana que se cre\u00f3 para comentar la tramitaci\u00f3n de la Ley Nacional del C\u00e1ncer (www.leynacionaldelcancer.com), es la que hace la l\u00edder&#8230; <a class=\"read-more\" href=\"https:\/\/www.radiopresidenteibanez.cl\/web\/lider-de-la-asociacion-de-pacientes-oncologicos-advierte-falencias-en-ley-de-cancer-y-llama-a-ciudadania-a-usar-plataforma-online-de-participacion\/\">Leer m\u00e1s<\/a><\/p>\n","protected":false},"author":2,"featured_media":2544,"comment_status":"closed","ping_status":"closed","sticky":false,"template":"","format":"standard","meta":{"footnotes":""},"categories":[1],"tags":[],"class_list":["post-2543","post","type-post","status-publish","format-standard","has-post-thumbnail","hentry","category-cronica"],"_links":{"self":[{"href":"https:\/\/www.radiopresidenteibanez.cl\/web\/wp-json\/wp\/v2\/posts\/2543","targetHints":{"allow":["GET"]}}],"collection":[{"href":"https:\/\/www.radiopresidenteibanez.cl\/web\/wp-json\/wp\/v2\/posts"}],"about":[{"href":"https:\/\/www.radiopresidenteibanez.cl\/web\/wp-json\/wp\/v2\/types\/post"}],"author":[{"embeddable":true,"href":"https:\/\/www.radiopresidenteibanez.cl\/web\/wp-json\/wp\/v2\/users\/2"}],"replies":[{"embeddable":true,"href":"https:\/\/www.radiopresidenteibanez.cl\/web\/wp-json\/wp\/v2\/comments?post=2543"}],"version-history":[{"count":0,"href":"https:\/\/www.radiopresidenteibanez.cl\/web\/wp-json\/wp\/v2\/posts\/2543\/revisions"}],"wp:featuredmedia":[{"embeddable":true,"href":"https:\/\/www.radiopresidenteibanez.cl\/web\/wp-json\/wp\/v2\/media\/2544"}],"wp:attachment":[{"href":"https:\/\/www.radiopresidenteibanez.cl\/web\/wp-json\/wp\/v2\/media?parent=2543"}],"wp:term":[{"taxonomy":"category","embeddable":true,"href":"https:\/\/www.radiopresidenteibanez.cl\/web\/wp-json\/wp\/v2\/categories?post=2543"},{"taxonomy":"post_tag","embeddable":true,"href":"https:\/\/www.radiopresidenteibanez.cl\/web\/wp-json\/wp\/v2\/tags?post=2543"}],"curies":[{"name":"wp","href":"https:\/\/api.w.org\/{rel}","templated":true}]}}