{"id":25424,"date":"2021-11-12T17:40:00","date_gmt":"2021-11-12T20:40:00","guid":{"rendered":"https:\/\/www.radiopresidenteibanez.cl\/web\/?p=25424"},"modified":"2021-11-12T12:43:13","modified_gmt":"2021-11-12T15:43:13","slug":"comuna-de-san-gregorio-cuenta-con-remozada-multicancha-gracias-a-inversion-del-programa-para-pequenas-localidades","status":"publish","type":"post","link":"https:\/\/www.radiopresidenteibanez.cl\/web\/comuna-de-san-gregorio-cuenta-con-remozada-multicancha-gracias-a-inversion-del-programa-para-pequenas-localidades\/","title":{"rendered":"COMUNA DE SAN GREGORIO CUENTA CON REMOZADA MULTICANCHA GRACIAS A INVERSION DEL PROGRAMA PARA PEQUE\u00f1AS LOCALIDADES"},"content":{"rendered":"\n<p>En el marco del avance territorial del Programa Para Peque\u00f1as Localidades en la regi\u00f3n, se inaugur\u00f3 el proyecto de \u201cConservaci\u00f3n Multicancha Villa Punta Delgada, comuna de San Gregorio\u201d,&nbsp;<strong>con presencia de representantes del MINVU, la alcaldesa Jeannette Andrade y su Concejo Municipal<\/strong>. La iniciativa, ejecutada por un monto cercano a los 300 millones de pesos fue priorizada mediante participaci\u00f3n ciudadana a trav\u00e9s de una Mesa de Actores Locales, quienes consensuaron un paquete de 9 proyectos, actualmente en ejecuci\u00f3n mediante el Plan de Desarrollo para la Localidad.<\/p>\n\n\n\n<p>En este respecto, el seremi del ramo,&nbsp;<strong>Jos\u00e9 Miguel Horcos<\/strong>, destac\u00f3 que \u201cComo Ministerio de Vivienda y Urbanismo, liderado por nuestro Ministro Felipe Ward, estamos contribuyendo a la recuperaci\u00f3n econ\u00f3mica y social de Magallanes y Ant\u00e1rtica Chilena a trav\u00e9s de distintas l\u00edneas, una de ellas, el Programa Para Peque\u00f1a Localidades que avanza en San Gregorio, mientras que ya anunciamos la reciente selecci\u00f3n de Villa Dorotea a partir de este a\u00f1o 2021\u201d.<\/p>\n\n\n\n<p>A la fecha ya se han ejecutado los proyectos \u201cConstrucci\u00f3n Hito de Acceso Villa Punta Delgada,\u201d por un monto de 80 millones de pesos, toda vez que se cuenta con los dise\u00f1os de ingenier\u00eda que permitir\u00e1n el mejoramiento y pavimentaci\u00f3n de diversas calles de la localidad, habi\u00e9ndose contratado dicho estudio por 119 millones de pesos.<\/p>\n","protected":false},"excerpt":{"rendered":"<p>En el marco del avance territorial del Programa Para Peque\u00f1as Localidades en la regi\u00f3n, se inaugur\u00f3 el proyecto de \u201cConservaci\u00f3n Multicancha Villa Punta Delgada, comuna de San Gregorio\u201d,&nbsp;con presencia de&#8230; <a class=\"read-more\" href=\"https:\/\/www.radiopresidenteibanez.cl\/web\/comuna-de-san-gregorio-cuenta-con-remozada-multicancha-gracias-a-inversion-del-programa-para-pequenas-localidades\/\">Leer m\u00e1s<\/a><\/p>\n","protected":false},"author":2,"featured_media":25425,"comment_status":"closed","ping_status":"closed","sticky":false,"template":"","format":"standard","meta":{"footnotes":""},"categories":[1],"tags":[],"class_list":["post-25424","post","type-post","status-publish","format-standard","has-post-thumbnail","hentry","category-cronica"],"_links":{"self":[{"href":"https:\/\/www.radiopresidenteibanez.cl\/web\/wp-json\/wp\/v2\/posts\/25424","targetHints":{"allow":["GET"]}}],"collection":[{"href":"https:\/\/www.radiopresidenteibanez.cl\/web\/wp-json\/wp\/v2\/posts"}],"about":[{"href":"https:\/\/www.radiopresidenteibanez.cl\/web\/wp-json\/wp\/v2\/types\/post"}],"author":[{"embeddable":true,"href":"https:\/\/www.radiopresidenteibanez.cl\/web\/wp-json\/wp\/v2\/users\/2"}],"replies":[{"embeddable":true,"href":"https:\/\/www.radiopresidenteibanez.cl\/web\/wp-json\/wp\/v2\/comments?post=25424"}],"version-history":[{"count":0,"href":"https:\/\/www.radiopresidenteibanez.cl\/web\/wp-json\/wp\/v2\/posts\/25424\/revisions"}],"wp:featuredmedia":[{"embeddable":true,"href":"https:\/\/www.radiopresidenteibanez.cl\/web\/wp-json\/wp\/v2\/media\/25425"}],"wp:attachment":[{"href":"https:\/\/www.radiopresidenteibanez.cl\/web\/wp-json\/wp\/v2\/media?parent=25424"}],"wp:term":[{"taxonomy":"category","embeddable":true,"href":"https:\/\/www.radiopresidenteibanez.cl\/web\/wp-json\/wp\/v2\/categories?post=25424"},{"taxonomy":"post_tag","embeddable":true,"href":"https:\/\/www.radiopresidenteibanez.cl\/web\/wp-json\/wp\/v2\/tags?post=25424"}],"curies":[{"name":"wp","href":"https:\/\/api.w.org\/{rel}","templated":true}]}}