{"id":25397,"date":"2021-11-11T19:49:00","date_gmt":"2021-11-11T22:49:00","guid":{"rendered":"https:\/\/www.radiopresidenteibanez.cl\/web\/?p=25397"},"modified":"2021-11-11T17:13:21","modified_gmt":"2021-11-11T20:13:21","slug":"minvu-selecciono-oficialmente-a-cerro-dorotea-de-natales-para-aplicacion-del-programa-pequenas-localidades","status":"publish","type":"post","link":"https:\/\/www.radiopresidenteibanez.cl\/web\/minvu-selecciono-oficialmente-a-cerro-dorotea-de-natales-para-aplicacion-del-programa-pequenas-localidades\/","title":{"rendered":"MINVU SELECCIONO OFICIALMENTE A CERRO DOROTEA DE NATALES PARA APLICACION DEL PROGRAMA PEQUE\u00f1AS LOCALIDADES"},"content":{"rendered":"\n<p><strong>&nbsp;<\/strong>El Minvu, a trav\u00e9s del Programa para Peque\u00f1as Localidades de este a\u00f1o 2021, seleccion\u00f3 en la regi\u00f3n de Magallanes y Ant\u00e1rtica Chilena a Cerro Dorotea de la Comuna de Natales, contemplando un aporte de 1.500 millones de pesos para su mejoramiento urbano, en el marco de las pol\u00edticas de desarrollo urbano y rural que lleva a cabo dicha cartera.<\/p>\n\n\n\n<p>Sobre este concurso, el ministro de Vivienda y Urbanismo,&nbsp;<strong>Felipe Ward<\/strong>, asegur\u00f3 que \u201cCon el Programa para Peque\u00f1as Localidades promovemos el crecimiento de las localidades que presentan d\u00e9ficit urbano y habitacional con la implementaci\u00f3n de un plan de desarrollo enfocado en mejorar la calidad de vida de las familias. Este a\u00f1o sumaremos 17 nuevas localidades a esta iniciativa con una inversi\u00f3n de $25.500 millones en las que potenciaremos la identidad local, junto con la equidad territorial del pa\u00eds\u201d.<\/p>\n\n\n\n<p>De esta forma, la selecci\u00f3n se gest\u00f3 en el marco de una comisi\u00f3n evaluadora previa y la propuesta de una mesa regional intersectorial compuesta por representantes del Gobernador Regional, la Delegada Presidencial y las serem\u00edas de Vivienda y Urbanismo, Econom\u00eda, Desarrollo Social, Subdere y Obras P\u00fablicas, atendiendo a criterios de equidad territorial, desarrollo local e integraci\u00f3n social.<\/p>\n\n\n\n<p>En este contexto, la Delegada Presidencial,&nbsp;<strong>Jennifer Rojas<\/strong>, se\u00f1al\u00f3 que \u201cCelebramos la selecci\u00f3n para Cerro Dorotea, tambi\u00e9n como parte del sello del Gobierno del Presidente Pi\u00f1era, por cuanto estamos atendiendo a la problem\u00e1tica muy importante en regiones extremas como la nuestra, donde las peque\u00f1as localidades no disponen del est\u00e1ndar de infraestructura urbana y habitacional de las ciudades, por tanto, muy contentos con esta noticia para quienes hacen soberan\u00eda en Dorotea.\u201d<\/p>\n\n\n\n<p>Otras de las problem\u00e1ticas en estos poblados es que representan bajo inter\u00e9s de empresas para la organizaci\u00f3n de la demanda habitacional y la ejecuci\u00f3n de obras, con escasa capacidad profesional instalada, dificultad en el acceso a servicios y oferta p\u00fablica, d\u00e9ficit de infraestructura urbana, soluciones habitacionales, equipamiento, vialidades, o acceso a servicios b\u00e1sicos, entre otros.<\/p>\n\n\n\n<p>Frente a esto, el seremi MINVU,&nbsp;<strong>Jos\u00e9 Miguel Horcos<\/strong>, destac\u00f3 que \u201cEs una gran noticia para los habitantes de Cerro Dorotea, por cuanto como Ministerio vamos avanzando en cobertura territorial, por una parte, en San Gregorio donde estamos ejecutando una serie de proyectos urbanos muy relevantes, y ahora en Dorotea con la posibilidad de sumar e invertir otros 1.500 millones de pesos m\u00e1s en obras que mejoren la calidad de vida de los habitantes de la localidad\u201d.<\/p>\n\n\n\n<p>\u201cCon esto \u2013 agreg\u00f3 la autoridad \u2013 estamos igualmente contribuyendo a la recuperaci\u00f3n econ\u00f3mica y social de Chile, partiendo por los sectores m\u00e1s rezagados.\u201d<\/p>\n\n\n\n<p>El Programa de Peque\u00f1as Localidades, busca reducir las brechas, promoviendo el arraigo y potenciando la identidad y vocaci\u00f3n territorial. De esta forma, se responde a la necesidad de inversi\u00f3n en infraestructura urbana-rural, habitacional y de participaci\u00f3n ciudadana. En este sentido, se elabora un Plan de Desarrollo de la Localidad, que es una propuesta de imagen objetivo a corto, mediano y largo plazo, que toma como base la vocaci\u00f3n y el potencial de cada localidad, la coordinaci\u00f3n y la gesti\u00f3n que esta intervenci\u00f3n involucra.<\/p>\n","protected":false},"excerpt":{"rendered":"<p>&nbsp;El Minvu, a trav\u00e9s del Programa para Peque\u00f1as Localidades de este a\u00f1o 2021, seleccion\u00f3 en la regi\u00f3n de Magallanes y Ant\u00e1rtica Chilena a Cerro Dorotea de la Comuna de Natales,&#8230; <a class=\"read-more\" href=\"https:\/\/www.radiopresidenteibanez.cl\/web\/minvu-selecciono-oficialmente-a-cerro-dorotea-de-natales-para-aplicacion-del-programa-pequenas-localidades\/\">Leer m\u00e1s<\/a><\/p>\n","protected":false},"author":2,"featured_media":25398,"comment_status":"closed","ping_status":"closed","sticky":false,"template":"","format":"standard","meta":{"footnotes":""},"categories":[1],"tags":[],"class_list":["post-25397","post","type-post","status-publish","format-standard","has-post-thumbnail","hentry","category-cronica"],"_links":{"self":[{"href":"https:\/\/www.radiopresidenteibanez.cl\/web\/wp-json\/wp\/v2\/posts\/25397","targetHints":{"allow":["GET"]}}],"collection":[{"href":"https:\/\/www.radiopresidenteibanez.cl\/web\/wp-json\/wp\/v2\/posts"}],"about":[{"href":"https:\/\/www.radiopresidenteibanez.cl\/web\/wp-json\/wp\/v2\/types\/post"}],"author":[{"embeddable":true,"href":"https:\/\/www.radiopresidenteibanez.cl\/web\/wp-json\/wp\/v2\/users\/2"}],"replies":[{"embeddable":true,"href":"https:\/\/www.radiopresidenteibanez.cl\/web\/wp-json\/wp\/v2\/comments?post=25397"}],"version-history":[{"count":0,"href":"https:\/\/www.radiopresidenteibanez.cl\/web\/wp-json\/wp\/v2\/posts\/25397\/revisions"}],"wp:featuredmedia":[{"embeddable":true,"href":"https:\/\/www.radiopresidenteibanez.cl\/web\/wp-json\/wp\/v2\/media\/25398"}],"wp:attachment":[{"href":"https:\/\/www.radiopresidenteibanez.cl\/web\/wp-json\/wp\/v2\/media?parent=25397"}],"wp:term":[{"taxonomy":"category","embeddable":true,"href":"https:\/\/www.radiopresidenteibanez.cl\/web\/wp-json\/wp\/v2\/categories?post=25397"},{"taxonomy":"post_tag","embeddable":true,"href":"https:\/\/www.radiopresidenteibanez.cl\/web\/wp-json\/wp\/v2\/tags?post=25397"}],"curies":[{"name":"wp","href":"https:\/\/api.w.org\/{rel}","templated":true}]}}