{"id":25385,"date":"2021-11-11T17:54:00","date_gmt":"2021-11-11T20:54:00","guid":{"rendered":"https:\/\/www.radiopresidenteibanez.cl\/web\/?p=25385"},"modified":"2021-11-11T16:57:00","modified_gmt":"2021-11-11T19:57:00","slug":"concierto-inedito-de-los-jaivas-en-el-ultimo-tren-a-casa","status":"publish","type":"post","link":"https:\/\/www.radiopresidenteibanez.cl\/web\/concierto-inedito-de-los-jaivas-en-el-ultimo-tren-a-casa\/","title":{"rendered":"CONCIERTO IN\u00c9DITO DE LOS JAIVAS EN EL \u00daLTIMO TREN A CASA"},"content":{"rendered":"\n<p>Este viernes 20 hrs. el programa\u00a0<em><strong>\u00abEl \u00faltimo tren a casa\u00bb\u00a0<\/strong><\/em>que produce el Colectivo Aczi\u00f3n Kultural\u00a0 y\u00a0 que conduce Pedro Guichapany contin\u00faa con el ciclo dedicado a\u00a0<strong>\u00abLos Jaivas\u00bb<\/strong>\u00a0cada martes y viernes del mes de noviembre.\u00a0 Para esta jornada se program\u00f3 un concierto realizado por el grupo chileno en el Teatro Caupolic\u00e1n de Santiago el a\u00f1o 1981.Este concierto tiene caracter\u00edsticas bastante especiales ya que la grabaci\u00f3n fue realizada por radio Carolina FM y luego se fue difundiendo en formato de cassette y adem\u00e1s, fue realizado en plena dictadura con los consiguientes perjuicios para poder asistir al evento (custodia militar en los alrededores del recinto) y no fue editado oficialmente como un disco en vivo.El concierto en s\u00ed es muy emotivo ya que Los Jaivas estaban con la promoci\u00f3n de su nuevo \u00e1lbum \u00abAlturas de Machu Picchu\u00bb\u00a0 y tambi\u00e9n incluyen \u00abEn los Jardines Humanos\u00bb de su disco \u00abObras de Violeta Parra\u00bb.\u00a0 El concierto incluye un set de canciones muy llamativas: \u00abDel aire al aire\u00bb, \u00abTarka y Ocarina\u00bb, \u00abPreg\u00f3n para iluminarse\u00bb, \u00abMira Ni\u00f1ita\u00bb, \u00abTodos Juntos\u00bb, \u00abSube a Nacer Conmigo Hermano\u00bb, \u00abMambo de Machaguay\u00bb, \u00abEl Guillat\u00fan\u00bb, entre otras.El grupo estaba integrado por Gabriel Parra, Eduardo Parra, Claudio Parra, Gato Alquinta y Mario Mutis.<br>Radio Presidente Ib\u00e1\u00f1ez:- 88.5 FM Punta Arenas y Porvenir- Canal 34 Tv Red Premium- Facebook Live-\u00a0<a rel=\"noreferrer noopener\" href=\"http:\/\/www.radiopresidenteibanez.cl\/\" target=\"_blank\">http:\/\/www.radiopresidenteibanez.cl<\/a><\/p>\n","protected":false},"excerpt":{"rendered":"<p>Este viernes 20 hrs. el programa\u00a0\u00abEl \u00faltimo tren a casa\u00bb\u00a0que produce el Colectivo Aczi\u00f3n Kultural\u00a0 y\u00a0 que conduce Pedro Guichapany contin\u00faa con el ciclo dedicado a\u00a0\u00abLos Jaivas\u00bb\u00a0cada martes y viernes&#8230; <a class=\"read-more\" href=\"https:\/\/www.radiopresidenteibanez.cl\/web\/concierto-inedito-de-los-jaivas-en-el-ultimo-tren-a-casa\/\">Leer m\u00e1s<\/a><\/p>\n","protected":false},"author":2,"featured_media":25386,"comment_status":"closed","ping_status":"closed","sticky":false,"template":"","format":"standard","meta":{"footnotes":""},"categories":[1],"tags":[],"class_list":["post-25385","post","type-post","status-publish","format-standard","has-post-thumbnail","hentry","category-cronica"],"_links":{"self":[{"href":"https:\/\/www.radiopresidenteibanez.cl\/web\/wp-json\/wp\/v2\/posts\/25385","targetHints":{"allow":["GET"]}}],"collection":[{"href":"https:\/\/www.radiopresidenteibanez.cl\/web\/wp-json\/wp\/v2\/posts"}],"about":[{"href":"https:\/\/www.radiopresidenteibanez.cl\/web\/wp-json\/wp\/v2\/types\/post"}],"author":[{"embeddable":true,"href":"https:\/\/www.radiopresidenteibanez.cl\/web\/wp-json\/wp\/v2\/users\/2"}],"replies":[{"embeddable":true,"href":"https:\/\/www.radiopresidenteibanez.cl\/web\/wp-json\/wp\/v2\/comments?post=25385"}],"version-history":[{"count":0,"href":"https:\/\/www.radiopresidenteibanez.cl\/web\/wp-json\/wp\/v2\/posts\/25385\/revisions"}],"wp:featuredmedia":[{"embeddable":true,"href":"https:\/\/www.radiopresidenteibanez.cl\/web\/wp-json\/wp\/v2\/media\/25386"}],"wp:attachment":[{"href":"https:\/\/www.radiopresidenteibanez.cl\/web\/wp-json\/wp\/v2\/media?parent=25385"}],"wp:term":[{"taxonomy":"category","embeddable":true,"href":"https:\/\/www.radiopresidenteibanez.cl\/web\/wp-json\/wp\/v2\/categories?post=25385"},{"taxonomy":"post_tag","embeddable":true,"href":"https:\/\/www.radiopresidenteibanez.cl\/web\/wp-json\/wp\/v2\/tags?post=25385"}],"curies":[{"name":"wp","href":"https:\/\/api.w.org\/{rel}","templated":true}]}}