{"id":25333,"date":"2021-11-10T08:57:00","date_gmt":"2021-11-10T11:57:00","guid":{"rendered":"https:\/\/www.radiopresidenteibanez.cl\/web\/?p=25333"},"modified":"2021-11-10T08:23:06","modified_gmt":"2021-11-10T11:23:06","slug":"mas-de-2-000-agricultores-podran-cacitarse-gratuitamente-con-iniciativa-renacer-digital-en-el-agro","status":"publish","type":"post","link":"https:\/\/www.radiopresidenteibanez.cl\/web\/mas-de-2-000-agricultores-podran-cacitarse-gratuitamente-con-iniciativa-renacer-digital-en-el-agro\/","title":{"rendered":"MAS DE 2.000 AGRICULTORES PODRAN CACITARSE GRATUITAMENTE CON INICIATIVA \u201cRENACER DIGITAL EN EL AGRO\u201d"},"content":{"rendered":"\n<p>Hoy en d\u00eda, el mundo digital ha venido a dar respuesta a las necesidades de la sociedad, tanto en comunicaci\u00f3n como en productividad. Especialmente en el contexto de pandemia, muchos de los tr\u00e1mites, operaciones e informaci\u00f3n que las personas necesitan est\u00e1n disponibles online, desde cualquier lugar del pa\u00eds y del mundo.<\/p>\n\n\n\n<p>Por ello y con el objetivo de alfabetizar digitalmente a agricultores y agricultoras para que puedan beneficiarse de las herramientas digitales que tanto el Ministerio de Agricultura y sus servicios como otras instituciones p\u00fablicas ponen a su disposici\u00f3n para sus necesidades productivas y personales, la Fundaci\u00f3n de Comunicaciones, Capacitaci\u00f3n y Cultura del Agro (FUCOA), Fundaci\u00f3n Telef\u00f3nica Movistar y el Instituto de Desarrollo Agropecuario (INDAP) impulsan la iniciativa \u201cRenacer Digital en el Agro\u201d, que gracias a la participaci\u00f3n de cerca de 300 profesionales y extensionistas voluntarios de estas instituciones, permitir\u00e1 capacitar a m\u00e1s de 2.000 usuarios y usuarias de INDAP a lo largo del pa\u00eds.<\/p>\n\n\n\n<p>As\u00ed lo destac\u00f3 la ministra de Agricultura, Mar\u00eda Emilia Undurraga, quien expres\u00f3 que esta alianza p\u00fablico-privada&nbsp;<em>\u201ces una puerta para mejorar las condiciones del futuro y trabajando en conjunto podremos lograrlo. Agradezco enormemente a los extensionistas de INDAP, que est\u00e1n en cada uno de los rincones de nuestro pa\u00eds, en un rol que va m\u00e1s all\u00e1 de la agricultura, ya que tambi\u00e9n buscan apoyar al mundo rural con herramientas como esta, que mejoran la calidad de vida de los peque\u00f1os agricultores y agricultoras\u201d<\/em>.<\/p>\n\n\n\n<p>Para ello, en primer lugar m\u00e1s de 200 extensionistas voluntarios de INDAP de diversos puntos del pa\u00eds est\u00e1n siendo preparados por parte de profesionales del Voluntariado de Telef\u00f3nica Movistar, quienes les entregan los conocimientos y competencias necesarias para, por su parte, capacitar a grupos de agricultoras y agricultores usuarios del servicio, quienes gracias a esta iniciativa recibir\u00e1n capacitaci\u00f3n en el uso del smartphone (configuraciones b\u00e1sicas, conexi\u00f3n wi-fi y herramientas wapp), tr\u00e1mites digitales del Estado (Clave \u00danica, Registro Social de Hogares y Registro Civil) y uso de las plataformas Escuela de Capacitaci\u00f3n Online Chile Agr\u00edcola (<a href=\"http:\/\/www.chileagricola.cl\/\" target=\"_blank\" rel=\"noreferrer noopener\">www.chileagricola.cl<\/a>) y Mi INDAP (<a href=\"http:\/\/www.indap.gob.cl\/mi-indap2\" target=\"_blank\" rel=\"noreferrer noopener\">www.indap.gob.cl\/mi-indap2<\/a>).<\/p>\n\n\n\n<p>Humphrey Crawford, profesional de apoyo de INDAP O\u2019Higgins y voluntario del proyecto, destac\u00f3 que&nbsp;<em>\u201cel programa, dada las circunstancias que hemos estado viviendo, me parece muy pertinente, porque nuestros usuarios del Prodesal requieren ser apoyados en el uso de herramientas digitales. Adem\u00e1s los capacitadores ser\u00e1n los mismos integrantes de los equipos t\u00e9cnicos Prodesal, con quienes han desarrollado las confianzas necesarias para acompa\u00f1arlos, resolver sus dudas y cumplir con el objetivo de esta iniciativa\u201d<\/em>.<\/p>\n\n\n\n<p>En tanto, la directora de Fundaci\u00f3n Telef\u00f3nica Movistar, Olga Alarc\u00f3n, se\u00f1al\u00f3 que \u201c<em>para acercar la tecnolog\u00eda a todos, en 2017 creamos Renacer Digital, programa que ha impactado a m\u00e1s de 34 mil personas desde su creaci\u00f3n y que es realizado a trav\u00e9s de talleres gratuitos liderados por voluntarios de nuestra compa\u00f1\u00eda y de instituciones aliadas. En Telef\u00f3nica Movistar creemos que la tecnolog\u00eda tiene que estar al servicio de todos y todas. En esta era digital, queremos hacer un mundo mucho m\u00e1s humano conectando la vida de las personas<\/em>\u201d.<\/p>\n\n\n\n<p>Por su parte, la directora ejecutiva de FUCOA, Francisca Martin, destac\u00f3 que \u201cRenacer Digital en el Agro\u201d forma parte de una serie de iniciativas colaborativas que desde el Minagri y la fundaci\u00f3n se han impulsado para entregar capacitaci\u00f3n gratuita a la Agricultura Familiar Campesina en temas clave para el agro, as\u00ed como en el uso de plataformas y herramientas digitales.&nbsp;<em>\u201cAl igual que la Escuela de Capacitaci\u00f3n Chile Agr\u00edcola y Expo Chile Agr\u00edcola, este proyecto cobra mayor relevancia debido a la pandemia y al auge de las plataformas online, mediante las cuales los peque\u00f1os agricultores y agricultoras pueden informarse, capacitarse y realizar de forma m\u00e1s sencilla e inmediata sus tr\u00e1mites, as\u00ed como mejorar sus actividades productivas\u201d<\/em>, precis\u00f3.Finalmente, las autoridades enfatizaron que este proyecto de alfabetizaci\u00f3n digital permitir\u00e1 a sus beneficiados y beneficiadas incrementar sus oportunidades de crecimiento y desarrollo, a trav\u00e9s de las herramientas online actualmente disponibles desde el Ministerio de Agricultura y sus servicios, as\u00ed como otras reparticiones del Estado.<\/p>\n\n\n\n<p><\/p>\n","protected":false},"excerpt":{"rendered":"<p>Hoy en d\u00eda, el mundo digital ha venido a dar respuesta a las necesidades de la sociedad, tanto en comunicaci\u00f3n como en productividad. Especialmente en el contexto de pandemia, muchos&#8230; <a class=\"read-more\" href=\"https:\/\/www.radiopresidenteibanez.cl\/web\/mas-de-2-000-agricultores-podran-cacitarse-gratuitamente-con-iniciativa-renacer-digital-en-el-agro\/\">Leer m\u00e1s<\/a><\/p>\n","protected":false},"author":2,"featured_media":25334,"comment_status":"closed","ping_status":"closed","sticky":false,"template":"","format":"standard","meta":{"footnotes":""},"categories":[1],"tags":[],"class_list":["post-25333","post","type-post","status-publish","format-standard","has-post-thumbnail","hentry","category-cronica"],"_links":{"self":[{"href":"https:\/\/www.radiopresidenteibanez.cl\/web\/wp-json\/wp\/v2\/posts\/25333","targetHints":{"allow":["GET"]}}],"collection":[{"href":"https:\/\/www.radiopresidenteibanez.cl\/web\/wp-json\/wp\/v2\/posts"}],"about":[{"href":"https:\/\/www.radiopresidenteibanez.cl\/web\/wp-json\/wp\/v2\/types\/post"}],"author":[{"embeddable":true,"href":"https:\/\/www.radiopresidenteibanez.cl\/web\/wp-json\/wp\/v2\/users\/2"}],"replies":[{"embeddable":true,"href":"https:\/\/www.radiopresidenteibanez.cl\/web\/wp-json\/wp\/v2\/comments?post=25333"}],"version-history":[{"count":0,"href":"https:\/\/www.radiopresidenteibanez.cl\/web\/wp-json\/wp\/v2\/posts\/25333\/revisions"}],"wp:featuredmedia":[{"embeddable":true,"href":"https:\/\/www.radiopresidenteibanez.cl\/web\/wp-json\/wp\/v2\/media\/25334"}],"wp:attachment":[{"href":"https:\/\/www.radiopresidenteibanez.cl\/web\/wp-json\/wp\/v2\/media?parent=25333"}],"wp:term":[{"taxonomy":"category","embeddable":true,"href":"https:\/\/www.radiopresidenteibanez.cl\/web\/wp-json\/wp\/v2\/categories?post=25333"},{"taxonomy":"post_tag","embeddable":true,"href":"https:\/\/www.radiopresidenteibanez.cl\/web\/wp-json\/wp\/v2\/tags?post=25333"}],"curies":[{"name":"wp","href":"https:\/\/api.w.org\/{rel}","templated":true}]}}