{"id":25273,"date":"2021-11-08T11:29:00","date_gmt":"2021-11-08T14:29:00","guid":{"rendered":"https:\/\/www.radiopresidenteibanez.cl\/web\/?p=25273"},"modified":"2021-11-08T10:55:50","modified_gmt":"2021-11-08T13:55:50","slug":"energia-y-desarrollo-social-entregan-kits-de-ahorro-energetico-a-domicilio-en-magallanes","status":"publish","type":"post","link":"https:\/\/www.radiopresidenteibanez.cl\/web\/energia-y-desarrollo-social-entregan-kits-de-ahorro-energetico-a-domicilio-en-magallanes\/","title":{"rendered":"ENERGIA Y DESARROLLO SOCIAL ENTREGAN KITS DE AHORRO ENERGETICO A DOMICILIO EN MAGALLANES"},"content":{"rendered":"\n<p>Al hogar de Mar\u00eda Mu\u00f1oz lleg\u00f3 durante la ma\u00f1ana de ayer viernes la SEREMI (s) de Desarrollo Social y Familia, Catalina Alarc\u00f3n y su par de Energ\u00eda, V\u00edctor Fern\u00e1ndez, para entregar un kit de ahorro energ\u00e9tico.&nbsp;<\/p>\n\n\n\n<p>Esto, en virtud del convenio suscrito por ambas carteras para, entre otros objetivos, focalizar mejor las capacitaciones del programa Con Buena Energ\u00eda y que abarca a todo el territorio regional.&nbsp;&nbsp;<\/p>\n\n\n\n<p>En la ocasi\u00f3n, los secretarios regionales compartieron con Mar\u00eda Mu\u00f1oz ayud\u00e1ndola a recambiar parte de su antigua luminaria, por las nuevas luces LED que trae kit de eficiencia energ\u00e9tica.<\/p>\n\n\n\n<p>\u201cEstoy doblemente agradecida por haber tenido a las autoridades aqu\u00ed en mi casa d\u00e1ndome el kit para generar un buen ahorro energ\u00e9tico y tambi\u00e9n, por la capacitaci\u00f3n que me hicieron. Con ella aprend\u00ed, por ejemplo, a usar el alargador con el switch de encendido y apagado para evitar el consumo vampiro. As\u00ed que vuelvo a reiterar el agradecimiento por la visita y preocupaci\u00f3n de las autoridades\u201d, dijo Mu\u00f1oz.<\/p>\n\n\n\n<p>Por su parte, el SEREMI de Energ\u00eda de Magallanes valor\u00f3 el recibimiento y hospitalidad de la beneficiaria, quien a su juicio tuvo una gran disposici\u00f3n para aprender y mejorar sus h\u00e1bitos de consumo energ\u00e9tico.&nbsp;<\/p>\n\n\n\n<p>\u201cComo Ministerio de Energ\u00eda, en Mar\u00eda Mu\u00f1oz vemos el esp\u00edritu que la regi\u00f3n y el pa\u00eds requiere para generar una cultura de la eficiencia energ\u00e9tica. Su actitud es realmente inspiradora y esperamos que su testimonio y participaci\u00f3n sirvan de ejemplo para otras familias de la regi\u00f3n, pues de nosotros depende tener un mejor y m\u00e1s limpio futuro energ\u00e9tico a nivel tanto global como local\u201d, apunt\u00f3 el SEREMI Fern\u00e1ndez.&nbsp;&nbsp;&nbsp;&nbsp;<\/p>\n\n\n\n<p>Finalmente, la SEREMI (s) Catalina Alarc\u00f3n, enfatiz\u00f3 sobre la importancia del trabajo mancomunado entre ministerios para llegar a la ciudadan\u00eda m\u00e1s vulnerable. \u201cHoy estamos junto al ramo de Energ\u00eda contribuyendo a que 135 familias de la regi\u00f3n sean beneficiarias de este programa que busca entregar conocimientos para generar una disminuci\u00f3n del consumo energ\u00e9tico residencial. Ellas a su vez, son parte de nuestros programas sociales que buscan superar las condiciones de pobreza extrema y vulnerabilidades\u201d, coment\u00f3.<br><\/p>\n","protected":false},"excerpt":{"rendered":"<p>Al hogar de Mar\u00eda Mu\u00f1oz lleg\u00f3 durante la ma\u00f1ana de ayer viernes la SEREMI (s) de Desarrollo Social y Familia, Catalina Alarc\u00f3n y su par de Energ\u00eda, V\u00edctor Fern\u00e1ndez, para&#8230; <a class=\"read-more\" href=\"https:\/\/www.radiopresidenteibanez.cl\/web\/energia-y-desarrollo-social-entregan-kits-de-ahorro-energetico-a-domicilio-en-magallanes\/\">Leer m\u00e1s<\/a><\/p>\n","protected":false},"author":2,"featured_media":25274,"comment_status":"closed","ping_status":"closed","sticky":false,"template":"","format":"standard","meta":{"footnotes":""},"categories":[1],"tags":[],"class_list":["post-25273","post","type-post","status-publish","format-standard","has-post-thumbnail","hentry","category-cronica"],"_links":{"self":[{"href":"https:\/\/www.radiopresidenteibanez.cl\/web\/wp-json\/wp\/v2\/posts\/25273","targetHints":{"allow":["GET"]}}],"collection":[{"href":"https:\/\/www.radiopresidenteibanez.cl\/web\/wp-json\/wp\/v2\/posts"}],"about":[{"href":"https:\/\/www.radiopresidenteibanez.cl\/web\/wp-json\/wp\/v2\/types\/post"}],"author":[{"embeddable":true,"href":"https:\/\/www.radiopresidenteibanez.cl\/web\/wp-json\/wp\/v2\/users\/2"}],"replies":[{"embeddable":true,"href":"https:\/\/www.radiopresidenteibanez.cl\/web\/wp-json\/wp\/v2\/comments?post=25273"}],"version-history":[{"count":0,"href":"https:\/\/www.radiopresidenteibanez.cl\/web\/wp-json\/wp\/v2\/posts\/25273\/revisions"}],"wp:featuredmedia":[{"embeddable":true,"href":"https:\/\/www.radiopresidenteibanez.cl\/web\/wp-json\/wp\/v2\/media\/25274"}],"wp:attachment":[{"href":"https:\/\/www.radiopresidenteibanez.cl\/web\/wp-json\/wp\/v2\/media?parent=25273"}],"wp:term":[{"taxonomy":"category","embeddable":true,"href":"https:\/\/www.radiopresidenteibanez.cl\/web\/wp-json\/wp\/v2\/categories?post=25273"},{"taxonomy":"post_tag","embeddable":true,"href":"https:\/\/www.radiopresidenteibanez.cl\/web\/wp-json\/wp\/v2\/tags?post=25273"}],"curies":[{"name":"wp","href":"https:\/\/api.w.org\/{rel}","templated":true}]}}