{"id":25270,"date":"2021-11-08T10:49:00","date_gmt":"2021-11-08T13:49:00","guid":{"rendered":"https:\/\/www.radiopresidenteibanez.cl\/web\/?p=25270"},"modified":"2021-11-08T10:29:38","modified_gmt":"2021-11-08T13:29:38","slug":"concejal-german-flores-reitero-la-necesidad-de-contar-con-un-cementerio-para-mascotas","status":"publish","type":"post","link":"https:\/\/www.radiopresidenteibanez.cl\/web\/concejal-german-flores-reitero-la-necesidad-de-contar-con-un-cementerio-para-mascotas\/","title":{"rendered":"CONCEJAL GERM\u00c1N FLORES REITER\u00d3 LA NECESIDAD DE CONTAR CON UN CEMENTERIO PARA MASCOTAS"},"content":{"rendered":"\n<p>Fue en enero de presente a\u00f1o cuando el\nconcejal de la comuna Germ\u00e1n Flores plante\u00f3 al interior del concejo municipal\nque se iniciara un estudio para ver la posibilidad de que Punta Arenas pudiese\ncontar con un cementerio para mascotas, tal como ocurre en otras ciudades del\npa\u00eds, teniendo presente que la mirada que hoy tenemos por nuestros animales es distintas.\n<\/p>\n\n\n\n<p>\u201cLo que vemos en el kil\u00f3metro 13 al sur de\nla ciudad, demuestra que hay una necesidad de que avancemos en tener un\ncementerio con estas caracter\u00edsticas. No sabemos qui\u00e9nes iniciaron el entierro\nde sus mascotas, ni cu\u00e1ndo y c\u00f3mo naci\u00f3 este lugar, lo claro est\u00e1, que ante a\nfalta de un cementerio, sus amos est\u00e1n ocupando un sitio fiscal en el borde\ncostero y es totalmente comprensible su accionar\u201d, se\u00f1al\u00f3 el concejal.<\/p>\n\n\n\n<p>M\u00e1s adelante&nbsp; indic\u00f3 \u201cal hacer p\u00fablico esta situaci\u00f3n, no\nquiero que se vea como una denuncia en contra de quienes no han tenido otra\nopci\u00f3n. Lo que quiero es concientizar&nbsp;\npara que podemos avanzar en la elaboraci\u00f3n de un proyecto que dote a\nPunta Arenas con un cementerio para mascotas. S\u00e9 que hay muchas necesidades\nimportantes, pero no podemos dejar de lado a nuestros animales cuando se nos\nmueren, por tal motivo a trav\u00e9s de un correo electr\u00f3nico le solicit\u00e9 al alcalde\nretomar esta iniciativa\u201d dijo Germ\u00e1n Flores. <\/p>\n\n\n\n<p>Finalmente el concejal Flores se\u00f1al\u00f3 que la\nidea no es lucrar con un recinto de estas caracter\u00edsticas, simplemente es\nentregar una opci\u00f3n a la comunidad a trav\u00e9s de un servicio que tenga un valor\nm\u00ednimo &nbsp;conforme al costo. \u201cEl pr\u00f3ximo\na\u00f1o entregaremos como municipalidad atenci\u00f3n veterinaria a trav\u00e9s de una\nlicitaci\u00f3n que est\u00e1 por iniciarse, por cierto ser\u00e1 un gran paso, y contar un\ncementerio para nuestras mascotas vendr\u00e1 a reforzar nuestra preocupaci\u00f3n por los\nanimales. En el futuro tambi\u00e9n podemos avanzar en dotar a Punta Arenas de\nincinerador, que tambi\u00e9n es una demanda de la comunidad\u201d, concluy\u00f3 el concejal.\n<\/p>\n","protected":false},"excerpt":{"rendered":"<p>Fue en enero de presente a\u00f1o cuando el concejal de la comuna Germ\u00e1n Flores plante\u00f3 al interior del concejo municipal que se iniciara un estudio para ver la posibilidad de&#8230; <a class=\"read-more\" href=\"https:\/\/www.radiopresidenteibanez.cl\/web\/concejal-german-flores-reitero-la-necesidad-de-contar-con-un-cementerio-para-mascotas\/\">Leer m\u00e1s<\/a><\/p>\n","protected":false},"author":2,"featured_media":25271,"comment_status":"closed","ping_status":"closed","sticky":false,"template":"","format":"standard","meta":{"footnotes":""},"categories":[1],"tags":[],"class_list":["post-25270","post","type-post","status-publish","format-standard","has-post-thumbnail","hentry","category-cronica"],"_links":{"self":[{"href":"https:\/\/www.radiopresidenteibanez.cl\/web\/wp-json\/wp\/v2\/posts\/25270","targetHints":{"allow":["GET"]}}],"collection":[{"href":"https:\/\/www.radiopresidenteibanez.cl\/web\/wp-json\/wp\/v2\/posts"}],"about":[{"href":"https:\/\/www.radiopresidenteibanez.cl\/web\/wp-json\/wp\/v2\/types\/post"}],"author":[{"embeddable":true,"href":"https:\/\/www.radiopresidenteibanez.cl\/web\/wp-json\/wp\/v2\/users\/2"}],"replies":[{"embeddable":true,"href":"https:\/\/www.radiopresidenteibanez.cl\/web\/wp-json\/wp\/v2\/comments?post=25270"}],"version-history":[{"count":0,"href":"https:\/\/www.radiopresidenteibanez.cl\/web\/wp-json\/wp\/v2\/posts\/25270\/revisions"}],"wp:featuredmedia":[{"embeddable":true,"href":"https:\/\/www.radiopresidenteibanez.cl\/web\/wp-json\/wp\/v2\/media\/25271"}],"wp:attachment":[{"href":"https:\/\/www.radiopresidenteibanez.cl\/web\/wp-json\/wp\/v2\/media?parent=25270"}],"wp:term":[{"taxonomy":"category","embeddable":true,"href":"https:\/\/www.radiopresidenteibanez.cl\/web\/wp-json\/wp\/v2\/categories?post=25270"},{"taxonomy":"post_tag","embeddable":true,"href":"https:\/\/www.radiopresidenteibanez.cl\/web\/wp-json\/wp\/v2\/tags?post=25270"}],"curies":[{"name":"wp","href":"https:\/\/api.w.org\/{rel}","templated":true}]}}