{"id":25264,"date":"2021-11-08T08:54:00","date_gmt":"2021-11-08T11:54:00","guid":{"rendered":"https:\/\/www.radiopresidenteibanez.cl\/web\/?p=25264"},"modified":"2021-11-08T08:18:05","modified_gmt":"2021-11-08T11:18:05","slug":"empresa-portuaria-austral-informa-arribo-de-primer-crucero-a-puerto-natales","status":"publish","type":"post","link":"https:\/\/www.radiopresidenteibanez.cl\/web\/empresa-portuaria-austral-informa-arribo-de-primer-crucero-a-puerto-natales\/","title":{"rendered":"EMPRESA PORTUARIA AUSTRAL INFORMA ARRIBO DE PRIMER CRUCERO A PUERTO NATALES"},"content":{"rendered":"\n<p>El s\u00e1bado 6 de noviembre arrib\u00f3 a Puerto Natales el National Geographic Explorer, primer crucero de la temporada.<br>La nave, que zarp\u00f3 desde el Muelle Prat de Punta Arenas el pasado jueves 4 de noviembre, se encontrar\u00e1 en el Terminal Natales de la Empresa Portuaria Austral hasta su zarpe, programado para ma\u00f1ana lunes 8 de noviembre a las 10:00 horas.<br>Los pasajeros del crucero, de 112 m de eslora, realizar\u00e1n actividades en el Parque Nacional Torres del Paine conforme a las disposiciones sanitarias vigentes.<\/p>\n\n\n\n<p><\/p>\n","protected":false},"excerpt":{"rendered":"<p>El s\u00e1bado 6 de noviembre arrib\u00f3 a Puerto Natales el National Geographic Explorer, primer crucero de la temporada.La nave, que zarp\u00f3 desde el Muelle Prat de Punta Arenas el pasado&#8230; <a class=\"read-more\" href=\"https:\/\/www.radiopresidenteibanez.cl\/web\/empresa-portuaria-austral-informa-arribo-de-primer-crucero-a-puerto-natales\/\">Leer m\u00e1s<\/a><\/p>\n","protected":false},"author":2,"featured_media":25265,"comment_status":"closed","ping_status":"closed","sticky":false,"template":"","format":"standard","meta":{"footnotes":""},"categories":[1],"tags":[],"class_list":["post-25264","post","type-post","status-publish","format-standard","has-post-thumbnail","hentry","category-cronica"],"_links":{"self":[{"href":"https:\/\/www.radiopresidenteibanez.cl\/web\/wp-json\/wp\/v2\/posts\/25264","targetHints":{"allow":["GET"]}}],"collection":[{"href":"https:\/\/www.radiopresidenteibanez.cl\/web\/wp-json\/wp\/v2\/posts"}],"about":[{"href":"https:\/\/www.radiopresidenteibanez.cl\/web\/wp-json\/wp\/v2\/types\/post"}],"author":[{"embeddable":true,"href":"https:\/\/www.radiopresidenteibanez.cl\/web\/wp-json\/wp\/v2\/users\/2"}],"replies":[{"embeddable":true,"href":"https:\/\/www.radiopresidenteibanez.cl\/web\/wp-json\/wp\/v2\/comments?post=25264"}],"version-history":[{"count":0,"href":"https:\/\/www.radiopresidenteibanez.cl\/web\/wp-json\/wp\/v2\/posts\/25264\/revisions"}],"wp:featuredmedia":[{"embeddable":true,"href":"https:\/\/www.radiopresidenteibanez.cl\/web\/wp-json\/wp\/v2\/media\/25265"}],"wp:attachment":[{"href":"https:\/\/www.radiopresidenteibanez.cl\/web\/wp-json\/wp\/v2\/media?parent=25264"}],"wp:term":[{"taxonomy":"category","embeddable":true,"href":"https:\/\/www.radiopresidenteibanez.cl\/web\/wp-json\/wp\/v2\/categories?post=25264"},{"taxonomy":"post_tag","embeddable":true,"href":"https:\/\/www.radiopresidenteibanez.cl\/web\/wp-json\/wp\/v2\/tags?post=25264"}],"curies":[{"name":"wp","href":"https:\/\/api.w.org\/{rel}","templated":true}]}}