{"id":25153,"date":"2021-11-03T08:55:00","date_gmt":"2021-11-03T11:55:00","guid":{"rendered":"https:\/\/www.radiopresidenteibanez.cl\/web\/?p=25153"},"modified":"2021-11-03T08:55:08","modified_gmt":"2021-11-03T11:55:08","slug":"desarrollo-social-y-familia-impartio-taller-sobre-el-proceso-de-inversion-publica-en-chile","status":"publish","type":"post","link":"https:\/\/www.radiopresidenteibanez.cl\/web\/desarrollo-social-y-familia-impartio-taller-sobre-el-proceso-de-inversion-publica-en-chile\/","title":{"rendered":"DESARROLLO SOCIAL Y FAMILIA IMPARTIO TALLER SOBRE EL PROCESO DE INVERSION PUBLICA EN CHILE"},"content":{"rendered":"\n<p>El pasado viernes el \u00e1rea de Inversiones de la Secretar\u00eda Regional de Desarrollo Social y Familia dict\u00f3 el \u201cTaller de Introducci\u00f3n al Proceso de Inversi\u00f3n P\u00fablica en Chile\u201d en el auditorio de la Universidad de Magallanes (UMAG), en Punta Arenas.<\/p>\n\n\n\n<p>Esta instancia educativa tuvo por finalidad analizar el Sistema Nacional de Inversiones (SNI) que norma y rige el proceso de inversi\u00f3n p\u00fablica de Chile, y que re\u00fane las metodolog\u00edas, normas y procedimientos que orientan la formulaci\u00f3n, ejecuci\u00f3n y evaluaci\u00f3n de las iniciativas.<\/p>\n\n\n\n<p>La Seremi de Desarrollo Social y Familia subrogante, Catalina Alarc\u00f3n, se\u00f1al\u00f3 que \u201cesta actividad de aprendizaje surgi\u00f3 de los propios funcionarios que integran el \u00c1rea de Inversiones, quienes tienen la importante misi\u00f3n de evaluar la rentabilidad social de las iniciativas p\u00fablicas de la regi\u00f3n, entendida como la valorizaci\u00f3n de los beneficios y costos desde el enfoque del bienestar social. Este an\u00e1lisis que efectuamos es crucial para el desarrollo econ\u00f3mico de nuestro pa\u00eds, debido a que busca que el proceso de inversi\u00f3n p\u00fablica sea eficiente, transparente y capaz de resguardar el bienestar de los ciudadanos\u201d.<\/p>\n\n\n\n<p>El Jefe del \u00e1rea de Inversiones de la Serem\u00eda, Alex Latorre, junto a parte de su equipo profesional integrado por Marcela Larravide y Juan Antiquera, expusieron acerca de estas tem\u00e1ticas a la audiencia conformada por autoridades y funcionarios p\u00fablicos.<\/p>\n\n\n\n<p>Para el organizador del evento y profesional del \u00c1rea de Inversiones, Juan Antiquera, \u201ceste taller se cre\u00f3 pensando en la din\u00e1mica de la org\u00e1nica p\u00fablica, la cual conlleva una rotaci\u00f3n de profesionales dedicados a la preparaci\u00f3n y evaluaci\u00f3n social de proyectos, como consecuencia de la elecci\u00f3n de nuevas autoridades edilicias, adem\u00e1s de la implementaci\u00f3n y reorganizaci\u00f3n de las divisiones del Gobierno Regional. Por ello, sentimos el deber de generar espacios de conocimiento sobre este gran sistema que es vital para la construcci\u00f3n del presupuesto nacional\u201d.<\/p>\n\n\n\n<p>Durante el a\u00f1o 2020, el departamento de Inversiones de la Seremi de Desarrollo Social y Familia de Magallanes evalu\u00f3 un total de 352 iniciativas que solicitaron financiamiento del Estado, donde destacan proyectos como Centro de Salud Mental y Geriatr\u00eda en Punta Arenas, la remodelaci\u00f3n del antiguo hospital de Puerto Natales para ser ocupado por servicios p\u00fablicos, y la construcci\u00f3n del Archivo y Biblioteca Regional de Punta Arenas, en dependencias de la ex c\u00e1rcel.<\/p>\n","protected":false},"excerpt":{"rendered":"<p>El pasado viernes el \u00e1rea de Inversiones de la Secretar\u00eda Regional de Desarrollo Social y Familia dict\u00f3 el \u201cTaller de Introducci\u00f3n al Proceso de Inversi\u00f3n P\u00fablica en Chile\u201d en el&#8230; <a class=\"read-more\" href=\"https:\/\/www.radiopresidenteibanez.cl\/web\/desarrollo-social-y-familia-impartio-taller-sobre-el-proceso-de-inversion-publica-en-chile\/\">Leer m\u00e1s<\/a><\/p>\n","protected":false},"author":2,"featured_media":25154,"comment_status":"closed","ping_status":"closed","sticky":false,"template":"","format":"standard","meta":{"footnotes":""},"categories":[1],"tags":[],"class_list":["post-25153","post","type-post","status-publish","format-standard","has-post-thumbnail","hentry","category-cronica"],"_links":{"self":[{"href":"https:\/\/www.radiopresidenteibanez.cl\/web\/wp-json\/wp\/v2\/posts\/25153","targetHints":{"allow":["GET"]}}],"collection":[{"href":"https:\/\/www.radiopresidenteibanez.cl\/web\/wp-json\/wp\/v2\/posts"}],"about":[{"href":"https:\/\/www.radiopresidenteibanez.cl\/web\/wp-json\/wp\/v2\/types\/post"}],"author":[{"embeddable":true,"href":"https:\/\/www.radiopresidenteibanez.cl\/web\/wp-json\/wp\/v2\/users\/2"}],"replies":[{"embeddable":true,"href":"https:\/\/www.radiopresidenteibanez.cl\/web\/wp-json\/wp\/v2\/comments?post=25153"}],"version-history":[{"count":0,"href":"https:\/\/www.radiopresidenteibanez.cl\/web\/wp-json\/wp\/v2\/posts\/25153\/revisions"}],"wp:featuredmedia":[{"embeddable":true,"href":"https:\/\/www.radiopresidenteibanez.cl\/web\/wp-json\/wp\/v2\/media\/25154"}],"wp:attachment":[{"href":"https:\/\/www.radiopresidenteibanez.cl\/web\/wp-json\/wp\/v2\/media?parent=25153"}],"wp:term":[{"taxonomy":"category","embeddable":true,"href":"https:\/\/www.radiopresidenteibanez.cl\/web\/wp-json\/wp\/v2\/categories?post=25153"},{"taxonomy":"post_tag","embeddable":true,"href":"https:\/\/www.radiopresidenteibanez.cl\/web\/wp-json\/wp\/v2\/tags?post=25153"}],"curies":[{"name":"wp","href":"https:\/\/api.w.org\/{rel}","templated":true}]}}