{"id":25088,"date":"2021-10-29T11:23:26","date_gmt":"2021-10-29T14:23:26","guid":{"rendered":"https:\/\/www.radiopresidenteibanez.cl\/web\/?p=25088"},"modified":"2021-10-29T11:23:31","modified_gmt":"2021-10-29T14:23:31","slug":"con-festival-de-la-voz-desfile-y-caminata-familiar-terminan-las-actividades-municipales-del-mes-de-las-personas-mayores-en-punta-arenas","status":"publish","type":"post","link":"https:\/\/www.radiopresidenteibanez.cl\/web\/con-festival-de-la-voz-desfile-y-caminata-familiar-terminan-las-actividades-municipales-del-mes-de-las-personas-mayores-en-punta-arenas\/","title":{"rendered":"CON FESTIVAL DE LA VOZ, DESFILE Y CAMINATA FAMILIAR TERMINAN LAS ACTIVIDADES MUNICIPALES DEL MES DE LAS PERSONAS MAYORES EN PUNTA ARENAS"},"content":{"rendered":"\n<p> Este fin de semana, el Municipio de Punta Arenas pondr\u00e1 fin a las actividades de celebraci\u00f3n del Mes de las Personas Mayores, que se extendieron durante todo octubre.<br>De esta manera, el viernes 29 y s\u00e1bado 30, en el Teatro Municipal, la comunidad podr\u00e1 disfrutar del Festival de la Voz, que se llevar\u00e1 a cabo desde las 19 horas y que adem\u00e1s de la competencia, contar\u00e1 con la presencia de la cantante regional, Sandra Valderas, el cantante, Mario Grandi, el ganador del Festival de la Patagonia, Luis Caro, el ganador del Festival de la Voz 2019, Carlos Ch\u00e1vez, y del grupo Los Rayos del Sur.<br>La actividad contar\u00e1 con la animaci\u00f3n de Miguel \u00c1ngel Castillo.<br>Adem\u00e1s, el s\u00e1bado 30 de octubre, a las 11 horas, en la Plaza de Armas Benjam\u00edn Mu\u00f1oz Gamero, se realizar\u00e1 un Desfile c\u00edvico con la participaci\u00f3n de los representantes de los Clubes de Adulto Mayor que participan de las actividades municipales.<br>El Mes de las Personas Mayores finalizar\u00e1 el domingo 31 de octubre, a las 10 horas, en el Bandej\u00f3n Central de Salvador Allende con Avenida Frei, con una caminata familiar en conmemoraci\u00f3n de los adultos mayores. <\/p>\n","protected":false},"excerpt":{"rendered":"<p>Este fin de semana, el Municipio de Punta Arenas pondr\u00e1 fin a las actividades de celebraci\u00f3n del Mes de las Personas Mayores, que se extendieron durante todo octubre.De esta manera,&#8230; <a class=\"read-more\" href=\"https:\/\/www.radiopresidenteibanez.cl\/web\/con-festival-de-la-voz-desfile-y-caminata-familiar-terminan-las-actividades-municipales-del-mes-de-las-personas-mayores-en-punta-arenas\/\">Leer m\u00e1s<\/a><\/p>\n","protected":false},"author":2,"featured_media":25089,"comment_status":"closed","ping_status":"closed","sticky":false,"template":"","format":"standard","meta":{"footnotes":""},"categories":[1],"tags":[],"class_list":["post-25088","post","type-post","status-publish","format-standard","has-post-thumbnail","hentry","category-cronica"],"_links":{"self":[{"href":"https:\/\/www.radiopresidenteibanez.cl\/web\/wp-json\/wp\/v2\/posts\/25088","targetHints":{"allow":["GET"]}}],"collection":[{"href":"https:\/\/www.radiopresidenteibanez.cl\/web\/wp-json\/wp\/v2\/posts"}],"about":[{"href":"https:\/\/www.radiopresidenteibanez.cl\/web\/wp-json\/wp\/v2\/types\/post"}],"author":[{"embeddable":true,"href":"https:\/\/www.radiopresidenteibanez.cl\/web\/wp-json\/wp\/v2\/users\/2"}],"replies":[{"embeddable":true,"href":"https:\/\/www.radiopresidenteibanez.cl\/web\/wp-json\/wp\/v2\/comments?post=25088"}],"version-history":[{"count":0,"href":"https:\/\/www.radiopresidenteibanez.cl\/web\/wp-json\/wp\/v2\/posts\/25088\/revisions"}],"wp:featuredmedia":[{"embeddable":true,"href":"https:\/\/www.radiopresidenteibanez.cl\/web\/wp-json\/wp\/v2\/media\/25089"}],"wp:attachment":[{"href":"https:\/\/www.radiopresidenteibanez.cl\/web\/wp-json\/wp\/v2\/media?parent=25088"}],"wp:term":[{"taxonomy":"category","embeddable":true,"href":"https:\/\/www.radiopresidenteibanez.cl\/web\/wp-json\/wp\/v2\/categories?post=25088"},{"taxonomy":"post_tag","embeddable":true,"href":"https:\/\/www.radiopresidenteibanez.cl\/web\/wp-json\/wp\/v2\/tags?post=25088"}],"curies":[{"name":"wp","href":"https:\/\/api.w.org\/{rel}","templated":true}]}}