{"id":2489,"date":"2019-03-21T00:10:13","date_gmt":"2019-03-21T00:10:13","guid":{"rendered":"http:\/\/www.radiopresidenteibanez.cl\/web\/?p=2489"},"modified":"2019-03-21T00:10:37","modified_gmt":"2019-03-21T00:10:37","slug":"globalpesca-colabora-con-the-new-york-times-en-la-elaboracion-de-libro","status":"publish","type":"post","link":"https:\/\/www.radiopresidenteibanez.cl\/web\/globalpesca-colabora-con-the-new-york-times-en-la-elaboracion-de-libro\/","title":{"rendered":"GLOBALPESCA COLABORA CON THE NEW YORK TIMES EN LA ELABORACI\u00d3N DE LIBRO"},"content":{"rendered":"\n<p>A fines del mes de enero el periodista Ian\nUrbina junto a la investigadora brasilera Raphaela Morais y el fot\u00f3grafo F\u00e1bio\nNascimento, todos pertenecientes al The New York Times, se embarcaron en el buque\nfactor\u00eda Globalpesca II, con el objetivo de analizar el comportamiento de las\nballenas en la zona austral. La investigaci\u00f3n abordo, que consider\u00f3 un total de\n15 d\u00edas de navegaci\u00f3n por el sur del paso Drake, tuvo la finalidad de recopilar\ndatos para un libro que compila distintos cuentos relacionados con la actividad\nen el mar. Al respecto, Urbina explic\u00f3 que \u201ces aqu\u00ed donde cobran importancia las\nballenas que habitan en la regi\u00f3n de Magallanes, consideradas un depredador de\nespecies menores, lo que genera un grave problema al ecosistema marino\u201d.<\/p>\n\n\n\n<p>En relaci\u00f3n a la vida abordo del buque, seg\u00fan\nsu opini\u00f3n, las embarcaciones de Globalpesca \u201cson de las mejores en cuanto a\ncondiciones de habitabilidad y seguridad. He navegado en Somalia, Corea, \u00c1frica,\nIndonesia, etc. y comparando los barcos puedo decir que los de Globalpesca son\ncomo un hotel 5 estrellas\u201d. Adem\u00e1s, destac\u00f3 lo gratificante de la experiencia, a\nsu juicio muy distinta a las anteriores, y puso especial \u00e9nfasis en la calidad\nhumana de la tripulaci\u00f3n, qui\u00e9nes \u201cnos hicieron sentir muy c\u00f3modos en todo\nmomento\u201d. Igualmente, resalt\u00f3 el profesionalismo de la dotaci\u00f3n, \u201cnos\nexplicaban todo muy bien, se nota que saben mucho del mundo marino y de sus\nfunciones\u201d. <\/p>\n\n\n\n<p>Lo anterior se enmarca en las estrategias de sustentabilidad y cuidado del medio ambiente llevadas a cabo por Globalpesca, empresa bacaladera magall\u00e1nica que pone su infraestructura mar\u00edtima a disposici\u00f3n, con el objetivo de apoyar activamente la investigaci\u00f3n cient\u00edfica desarrollada en el sur austral del pa\u00eds.<\/p>\n\n\n\n<figure class=\"wp-block-image\"><img loading=\"lazy\" decoding=\"async\" width=\"900\" height=\"720\" src=\"https:\/\/www.radiopresidenteibanez.cl\/web\/wp-content\/uploads\/2019\/03\/Ian-Urbina.jpg\" alt=\"\" class=\"wp-image-2490\" srcset=\"https:\/\/www.radiopresidenteibanez.cl\/web\/wp-content\/uploads\/2019\/03\/Ian-Urbina.jpg 900w, https:\/\/www.radiopresidenteibanez.cl\/web\/wp-content\/uploads\/2019\/03\/Ian-Urbina-300x240.jpg 300w, https:\/\/www.radiopresidenteibanez.cl\/web\/wp-content\/uploads\/2019\/03\/Ian-Urbina-768x614.jpg 768w\" sizes=\"auto, (max-width: 900px) 100vw, 900px\" \/><\/figure>\n","protected":false},"excerpt":{"rendered":"<p>A fines del mes de enero el periodista Ian Urbina junto a la investigadora brasilera Raphaela Morais y el fot\u00f3grafo F\u00e1bio Nascimento, todos pertenecientes al The New York Times, se&#8230; <a class=\"read-more\" href=\"https:\/\/www.radiopresidenteibanez.cl\/web\/globalpesca-colabora-con-the-new-york-times-en-la-elaboracion-de-libro\/\">Leer m\u00e1s<\/a><\/p>\n","protected":false},"author":2,"featured_media":2490,"comment_status":"closed","ping_status":"closed","sticky":false,"template":"","format":"standard","meta":{"footnotes":""},"categories":[1],"tags":[],"class_list":["post-2489","post","type-post","status-publish","format-standard","has-post-thumbnail","hentry","category-cronica"],"_links":{"self":[{"href":"https:\/\/www.radiopresidenteibanez.cl\/web\/wp-json\/wp\/v2\/posts\/2489","targetHints":{"allow":["GET"]}}],"collection":[{"href":"https:\/\/www.radiopresidenteibanez.cl\/web\/wp-json\/wp\/v2\/posts"}],"about":[{"href":"https:\/\/www.radiopresidenteibanez.cl\/web\/wp-json\/wp\/v2\/types\/post"}],"author":[{"embeddable":true,"href":"https:\/\/www.radiopresidenteibanez.cl\/web\/wp-json\/wp\/v2\/users\/2"}],"replies":[{"embeddable":true,"href":"https:\/\/www.radiopresidenteibanez.cl\/web\/wp-json\/wp\/v2\/comments?post=2489"}],"version-history":[{"count":0,"href":"https:\/\/www.radiopresidenteibanez.cl\/web\/wp-json\/wp\/v2\/posts\/2489\/revisions"}],"wp:featuredmedia":[{"embeddable":true,"href":"https:\/\/www.radiopresidenteibanez.cl\/web\/wp-json\/wp\/v2\/media\/2490"}],"wp:attachment":[{"href":"https:\/\/www.radiopresidenteibanez.cl\/web\/wp-json\/wp\/v2\/media?parent=2489"}],"wp:term":[{"taxonomy":"category","embeddable":true,"href":"https:\/\/www.radiopresidenteibanez.cl\/web\/wp-json\/wp\/v2\/categories?post=2489"},{"taxonomy":"post_tag","embeddable":true,"href":"https:\/\/www.radiopresidenteibanez.cl\/web\/wp-json\/wp\/v2\/tags?post=2489"}],"curies":[{"name":"wp","href":"https:\/\/api.w.org\/{rel}","templated":true}]}}