{"id":24878,"date":"2021-10-20T19:29:00","date_gmt":"2021-10-20T22:29:00","guid":{"rendered":"https:\/\/www.radiopresidenteibanez.cl\/web\/?p=24878"},"modified":"2021-10-20T16:52:28","modified_gmt":"2021-10-20T19:52:28","slug":"bazar-solidario-de-enap-buscara-reunir-dinero-para-las-jornadas-por-la-rehabilitacion","status":"publish","type":"post","link":"https:\/\/www.radiopresidenteibanez.cl\/web\/bazar-solidario-de-enap-buscara-reunir-dinero-para-las-jornadas-por-la-rehabilitacion\/","title":{"rendered":"BAZAR SOLIDARIO DE ENAP BUSCAR\u00c1 REUNIR DINERO  PARA LAS JORNADAS POR LA REHABILITACI\u00d3N"},"content":{"rendered":"\n<p><strong>&nbsp;<\/strong>\u201cEmprendimientos\nsolidarios\u201d es el nombre de la actividad que desarrollar\u00e1 ENAP este 22 y 23 de\noctubre en el sal\u00f3n de eventos de Zona Franca. De esta manera la comunidad\nmagall\u00e1nica podr\u00e1 adquirir los productos creados por personas que durante este\na\u00f1o han participado en los cursos de capacitaci\u00f3n impulsados por la empresa\nestatal en la regi\u00f3n.<\/p>\n\n\n\n<p>El\nobjetivo principal es que el dinero que se recaude sea entregado a las Jornadas\npor la Rehabilitaci\u00f3n en Magallanes, cuyo cierre est\u00e1 programado para el 13 de\nnoviembre. <\/p>\n\n\n\n<p>Es\nprimera vez que ENAP realiza esta actividad y ello es posible gracias al aporte\nvoluntario de los alumnos y alumnas que entregaron sus creaciones para que sean\nvendidas a la comunidad. <\/p>\n\n\n\n<p>El\nstand -que estar\u00e1 abierto el viernes y s\u00e1bado entre las 11:00 y 13:00 horas y\nlas 15:00 y 20:00 horas- contar\u00e1 con diversos productos, incluidos algunos de\nreposter\u00eda, corte y confecci\u00f3n, telar, entre otros. \u201cEstamos muy contentos de\npoder concretar esta actividad porque implica no solo cerrar exitosamente los\ncursos que impartimos, con productos de excelente calidad y hechos con especial\ncari\u00f1o, sino tambi\u00e9n porque la venta de ellos permitir\u00e1 colaborar con la gran\ncruzada solidaria de Magallanes. Agradecemos a todos los que nos han apoyado, Zona\nAustral, Club de Leones, las Otec que imparten los cursos y, por cierto, a las\nalumnas y alumnos que voluntariamente nos entregan sus trabajos. Est\u00e1n todos\ninvitados a adquirir buenos productos y colaborar as\u00ed de una manera diferente\ncon las Jornadas\u201d, expres\u00f3 Alfonso Pacheco, jefe de Comunidades de ENAP\nMagallanes.<\/p>\n\n\n\n<p>Las\nOtec que participan en esta oportunidad son Creaci\u00f3n, Capacitaci\u00f3n Integral e\nIK Capacitaciones. <\/p>\n","protected":false},"excerpt":{"rendered":"<p>&nbsp;\u201cEmprendimientos solidarios\u201d es el nombre de la actividad que desarrollar\u00e1 ENAP este 22 y 23 de octubre en el sal\u00f3n de eventos de Zona Franca. De esta manera la comunidad&#8230; <a class=\"read-more\" href=\"https:\/\/www.radiopresidenteibanez.cl\/web\/bazar-solidario-de-enap-buscara-reunir-dinero-para-las-jornadas-por-la-rehabilitacion\/\">Leer m\u00e1s<\/a><\/p>\n","protected":false},"author":2,"featured_media":24879,"comment_status":"closed","ping_status":"closed","sticky":false,"template":"","format":"standard","meta":{"footnotes":""},"categories":[1],"tags":[],"class_list":["post-24878","post","type-post","status-publish","format-standard","has-post-thumbnail","hentry","category-cronica"],"_links":{"self":[{"href":"https:\/\/www.radiopresidenteibanez.cl\/web\/wp-json\/wp\/v2\/posts\/24878","targetHints":{"allow":["GET"]}}],"collection":[{"href":"https:\/\/www.radiopresidenteibanez.cl\/web\/wp-json\/wp\/v2\/posts"}],"about":[{"href":"https:\/\/www.radiopresidenteibanez.cl\/web\/wp-json\/wp\/v2\/types\/post"}],"author":[{"embeddable":true,"href":"https:\/\/www.radiopresidenteibanez.cl\/web\/wp-json\/wp\/v2\/users\/2"}],"replies":[{"embeddable":true,"href":"https:\/\/www.radiopresidenteibanez.cl\/web\/wp-json\/wp\/v2\/comments?post=24878"}],"version-history":[{"count":0,"href":"https:\/\/www.radiopresidenteibanez.cl\/web\/wp-json\/wp\/v2\/posts\/24878\/revisions"}],"wp:featuredmedia":[{"embeddable":true,"href":"https:\/\/www.radiopresidenteibanez.cl\/web\/wp-json\/wp\/v2\/media\/24879"}],"wp:attachment":[{"href":"https:\/\/www.radiopresidenteibanez.cl\/web\/wp-json\/wp\/v2\/media?parent=24878"}],"wp:term":[{"taxonomy":"category","embeddable":true,"href":"https:\/\/www.radiopresidenteibanez.cl\/web\/wp-json\/wp\/v2\/categories?post=24878"},{"taxonomy":"post_tag","embeddable":true,"href":"https:\/\/www.radiopresidenteibanez.cl\/web\/wp-json\/wp\/v2\/tags?post=24878"}],"curies":[{"name":"wp","href":"https:\/\/api.w.org\/{rel}","templated":true}]}}