{"id":24875,"date":"2021-10-20T18:41:00","date_gmt":"2021-10-20T21:41:00","guid":{"rendered":"https:\/\/www.radiopresidenteibanez.cl\/web\/?p=24875"},"modified":"2021-10-20T16:49:58","modified_gmt":"2021-10-20T19:49:58","slug":"integra-inicia-la-postulacion-online-2022-para-sus-jardines-infantiles","status":"publish","type":"post","link":"https:\/\/www.radiopresidenteibanez.cl\/web\/integra-inicia-la-postulacion-online-2022-para-sus-jardines-infantiles\/","title":{"rendered":"INTEGRA INICIA LA POSTULACI\u00d3N ONLINE 2022 PARA SUS JARDINES INFANTILES"},"content":{"rendered":"\n<p>Por segundo a\u00f1o, Fundaci\u00f3n Integra anuncia que el proceso de\npostulaci\u00f3n 2022 para sus m\u00e1s de mil jardines infantiles y salas cuna se\nrealizar\u00e1 de manera online. Esta vez, el proceso incorpora dos grandes avances\npara las familias: la posibilidad de realizar postulaciones familiares y la\nopci\u00f3n de efectuar la postulaci\u00f3n de manera asistida.&nbsp; <\/p>\n\n\n\n<p>El Director Ejecutivo de Integra, Jos\u00e9 Manuel Ready, se\u00f1al\u00f3\nque \u201cnuestras familias evaluaron de manera muy positiva la posibilidad de\npostular online a todas salas cuna y los jardines infantiles de su preferencia.\nY por ello, ahora incorporamos muchas de las observaciones, sugerencias y\ncomentarios que realizaron sobre el proceso anterior, lo que en definitiva nos\npermite ofrecerles hoy una plataforma m\u00e1s simple y amigable de usar para las\nfamilias y, que se ajusta de mejor manera, a la diversidad de situaciones que\nse presentan\u201d. <\/p>\n\n\n\n<p>El proceso de postulaci\u00f3n se estar\u00e1 disponible <strong>entre el 19 de octubre y el 30 de noviembre\nde 2021<\/strong> para todas las regiones del pa\u00eds. En esta ocasi\u00f3n, adem\u00e1s de\ndiversas mejoras en la usabilidad de la plataforma, se incorporaron dos\nimportantes novedades en beneficio de las familias. En <strong>Magallanes<\/strong>, existen <strong>m\u00e1s de\n300 cupos disponibles<\/strong> en todos los jardines infantiles y salas cuna de la\nregi\u00f3n.<\/p>\n\n\n\n<p>El sistema de postulaci\u00f3n online, disponible en <a href=\"http:\/\/www.integra.cl\">www.integra.cl<\/a>, es uno de los avances m\u00e1s\nrelevantes de la instituci\u00f3n en el \u00faltimo tiempo,&nbsp; ya que le permite a las familias no solo\npostular desde cualquier lugar con conexi\u00f3n a Internet, sino que les entrega en\nun solo lugar toda la informaci\u00f3n relevante de los establecimientos de Integra\na nivel nacional.<\/p>\n\n\n\n<p>Los resultados de la postulaci\u00f3n estar\u00e1n disponibles <strong>entre el 17 y el 21 de diciembre de 2021<\/strong>\nen <strong>www.integra.cl,<\/strong> periodo en que\nlas familias tendr\u00e1n que aceptar la vacante en el centro educativo asignado o\nrechazarla, y activar las listas de espera en los establecimientos de su\npreferencia. El periodo de matr\u00edcula, en tanto, se realizar\u00e1 presencialmente entre\nel 27 de diciembre y el 5 de enero de 2022 directamente en los jardines\ninfantiles y salas cuna respectivos.<\/p>\n","protected":false},"excerpt":{"rendered":"<p>Por segundo a\u00f1o, Fundaci\u00f3n Integra anuncia que el proceso de postulaci\u00f3n 2022 para sus m\u00e1s de mil jardines infantiles y salas cuna se realizar\u00e1 de manera online. Esta vez, el&#8230; <a class=\"read-more\" href=\"https:\/\/www.radiopresidenteibanez.cl\/web\/integra-inicia-la-postulacion-online-2022-para-sus-jardines-infantiles\/\">Leer m\u00e1s<\/a><\/p>\n","protected":false},"author":2,"featured_media":24876,"comment_status":"closed","ping_status":"closed","sticky":false,"template":"","format":"standard","meta":{"footnotes":""},"categories":[1],"tags":[],"class_list":["post-24875","post","type-post","status-publish","format-standard","has-post-thumbnail","hentry","category-cronica"],"_links":{"self":[{"href":"https:\/\/www.radiopresidenteibanez.cl\/web\/wp-json\/wp\/v2\/posts\/24875","targetHints":{"allow":["GET"]}}],"collection":[{"href":"https:\/\/www.radiopresidenteibanez.cl\/web\/wp-json\/wp\/v2\/posts"}],"about":[{"href":"https:\/\/www.radiopresidenteibanez.cl\/web\/wp-json\/wp\/v2\/types\/post"}],"author":[{"embeddable":true,"href":"https:\/\/www.radiopresidenteibanez.cl\/web\/wp-json\/wp\/v2\/users\/2"}],"replies":[{"embeddable":true,"href":"https:\/\/www.radiopresidenteibanez.cl\/web\/wp-json\/wp\/v2\/comments?post=24875"}],"version-history":[{"count":0,"href":"https:\/\/www.radiopresidenteibanez.cl\/web\/wp-json\/wp\/v2\/posts\/24875\/revisions"}],"wp:featuredmedia":[{"embeddable":true,"href":"https:\/\/www.radiopresidenteibanez.cl\/web\/wp-json\/wp\/v2\/media\/24876"}],"wp:attachment":[{"href":"https:\/\/www.radiopresidenteibanez.cl\/web\/wp-json\/wp\/v2\/media?parent=24875"}],"wp:term":[{"taxonomy":"category","embeddable":true,"href":"https:\/\/www.radiopresidenteibanez.cl\/web\/wp-json\/wp\/v2\/categories?post=24875"},{"taxonomy":"post_tag","embeddable":true,"href":"https:\/\/www.radiopresidenteibanez.cl\/web\/wp-json\/wp\/v2\/tags?post=24875"}],"curies":[{"name":"wp","href":"https:\/\/api.w.org\/{rel}","templated":true}]}}