{"id":24872,"date":"2021-10-20T17:57:00","date_gmt":"2021-10-20T20:57:00","guid":{"rendered":"https:\/\/www.radiopresidenteibanez.cl\/web\/?p=24872"},"modified":"2021-10-20T16:45:55","modified_gmt":"2021-10-20T19:45:55","slug":"mop-invierte-mas-de-14-mil-millones-de-pesos-en-obras-de-ensanche-y-alargue-de-pista-del-aeropuerto-de-punta-arenas","status":"publish","type":"post","link":"https:\/\/www.radiopresidenteibanez.cl\/web\/mop-invierte-mas-de-14-mil-millones-de-pesos-en-obras-de-ensanche-y-alargue-de-pista-del-aeropuerto-de-punta-arenas\/","title":{"rendered":"MOP INVIERTE M\u00c1S DE 14 MIL MILLONES DE PESOS EN OBRAS DE ENSANCHE Y ALARGUE DE PISTA DEL AEROPUERTO DE PUNTA ARENAS"},"content":{"rendered":"\n<p>Una visita inspectiva realizaron\neste mi\u00e9rcoles la Delegada Presidencial Jennifer Rojas,&nbsp; Seremi de Obras P\u00fablicas Pablo Rendoll,\nDirector Regional de Aeropuertos MOP Hardy Rehbein y el Jefe de la Zona\nAeroportuaria Austral de la Direcci\u00f3n General de Aeron\u00e1utica Civil (DGAC),\nSergio Gallo, a las obras de ensanche y alargue de la pista alternativa de\nrodaje ALFA del Aeropuerto Presidente Carlos Ib\u00e1\u00f1ez del Campo. <\/p>\n\n\n\n<p>Las autoridades, informaron que\nel proyecto tiene por objetivo la habilitaci\u00f3n de la calle de rodaje ALFA para\nsu utilizaci\u00f3n como pista alternativa de aterrizajes y despegues, cuando la\npista 07-25, la principal del recinto aeroportuario de Punta Arenas, sea\nintervenida en su totalidad por la Direcci\u00f3n de Aeropuertos del MOP.<\/p>\n\n\n\n<p>\u201cEsta obra, que es muy importante\npara nuestra direcci\u00f3n y para todos los magall\u00e1nicos, contempla dotar una nueva\npista alternativa para que cuando iniciemos la ejecuci\u00f3n del proyecto de\nconservaci\u00f3n de la pista principal, donde operan el 95 por ciento de las\naeronaves, no intervengamos en ning\u00fan momento el flujo a\u00e9reo normal en\ntr\u00e1nsito\u201d, destac\u00f3 el Director Regional de\nAeropuertos MOP, Hardy Rehbein, informando que la calle de rodaje se ensanchar\u00e1\nen 45 metros y se alargar\u00e1 en 360 metros.<\/p>\n\n\n\n<p>En este sentido, el Seremi de\nObras P\u00fablicas, Pablo Rendoll, destac\u00f3 que la iniciativa, que presenta un cinco\npor ciento de avance, considera una inversi\u00f3n sectorial de $14.771.461.864, a\nlo que sumar\u00e1 la reposici\u00f3n del Cuartel del Servicio de Salvamento y Extinci\u00f3n\nde Incendios (SSEI) y de otras edificaciones de la Fuerza A\u00e9rea, que se\nencuentra en etapa de adjudicaci\u00f3n e involucrar\u00e1 una inversi\u00f3n de m\u00e1s $ 11 mil\nmillones.<\/p>\n","protected":false},"excerpt":{"rendered":"<p>Una visita inspectiva realizaron este mi\u00e9rcoles la Delegada Presidencial Jennifer Rojas,&nbsp; Seremi de Obras P\u00fablicas Pablo Rendoll, Director Regional de Aeropuertos MOP Hardy Rehbein y el Jefe de la Zona&#8230; <a class=\"read-more\" href=\"https:\/\/www.radiopresidenteibanez.cl\/web\/mop-invierte-mas-de-14-mil-millones-de-pesos-en-obras-de-ensanche-y-alargue-de-pista-del-aeropuerto-de-punta-arenas\/\">Leer m\u00e1s<\/a><\/p>\n","protected":false},"author":2,"featured_media":24873,"comment_status":"closed","ping_status":"closed","sticky":false,"template":"","format":"standard","meta":{"footnotes":""},"categories":[1],"tags":[],"class_list":["post-24872","post","type-post","status-publish","format-standard","has-post-thumbnail","hentry","category-cronica"],"_links":{"self":[{"href":"https:\/\/www.radiopresidenteibanez.cl\/web\/wp-json\/wp\/v2\/posts\/24872","targetHints":{"allow":["GET"]}}],"collection":[{"href":"https:\/\/www.radiopresidenteibanez.cl\/web\/wp-json\/wp\/v2\/posts"}],"about":[{"href":"https:\/\/www.radiopresidenteibanez.cl\/web\/wp-json\/wp\/v2\/types\/post"}],"author":[{"embeddable":true,"href":"https:\/\/www.radiopresidenteibanez.cl\/web\/wp-json\/wp\/v2\/users\/2"}],"replies":[{"embeddable":true,"href":"https:\/\/www.radiopresidenteibanez.cl\/web\/wp-json\/wp\/v2\/comments?post=24872"}],"version-history":[{"count":0,"href":"https:\/\/www.radiopresidenteibanez.cl\/web\/wp-json\/wp\/v2\/posts\/24872\/revisions"}],"wp:featuredmedia":[{"embeddable":true,"href":"https:\/\/www.radiopresidenteibanez.cl\/web\/wp-json\/wp\/v2\/media\/24873"}],"wp:attachment":[{"href":"https:\/\/www.radiopresidenteibanez.cl\/web\/wp-json\/wp\/v2\/media?parent=24872"}],"wp:term":[{"taxonomy":"category","embeddable":true,"href":"https:\/\/www.radiopresidenteibanez.cl\/web\/wp-json\/wp\/v2\/categories?post=24872"},{"taxonomy":"post_tag","embeddable":true,"href":"https:\/\/www.radiopresidenteibanez.cl\/web\/wp-json\/wp\/v2\/tags?post=24872"}],"curies":[{"name":"wp","href":"https:\/\/api.w.org\/{rel}","templated":true}]}}