{"id":2486,"date":"2019-03-21T00:06:37","date_gmt":"2019-03-21T00:06:37","guid":{"rendered":"http:\/\/www.radiopresidenteibanez.cl\/web\/?p=2486"},"modified":"2019-03-21T00:07:21","modified_gmt":"2019-03-21T00:07:21","slug":"tren-de-reciclaje-comenzo-a-recorrer-las-principales-escuelas-de-puerto-natales-recolectando-plasticos-papeles-y-latas-de-aluminio","status":"publish","type":"post","link":"https:\/\/www.radiopresidenteibanez.cl\/web\/tren-de-reciclaje-comenzo-a-recorrer-las-principales-escuelas-de-puerto-natales-recolectando-plasticos-papeles-y-latas-de-aluminio\/","title":{"rendered":"TREN DE RECICLAJE COMENZ\u00d3 A RECORRER LAS PRINCIPALES ESCUELAS DE PUERTO NATALES RECOLECTANDO PLASTICOS, PAPELES Y LATAS DE ALUMINIO"},"content":{"rendered":"\n<p>Con la participaci\u00f3n\nde los ni\u00f1os natalinos como principales protagonistas, se desarroll\u00f3 el\nlanzamiento del carro ecol\u00f3gico que parti\u00f3 su recorrido por las escuelas\n\u201cCoronel Santiago Bueras\u201d, \u201cJuan Ladrillero\u201d y \u201cBaudilia Avenda\u00f1o de Yousuff\u201d.\nEl evento cont\u00f3 con la presencia del alcalde de Natales Fernando Paredes, la\ngobernadora de \u00daltima Esperanza Ana Mayorga y el seremi de medio ambiente de\nMagallanes, &nbsp;Eduardo Schiappacasse.<\/p>\n\n\n\n<p>La campa\u00f1a, se\nlleva a cabo desde este mes con la recolecci\u00f3n una vez por semana de los\nresiduos reciclables en cada uno de los establecimientos. El tren, se agrega a\nlos 8 puntos verdes soterrados, sumados a los 16 contenedores ubicados en diferentes\npuntos estrat\u00e9gicos de Natales, tales como supermercados, plazas, colegios y\nrecintos deportivos. <\/p>\n\n\n\n<p>El edil de\nNatales, Fernando Paredes Mansilla, destac\u00f3 que \u201clos ni\u00f1os separan su basura al\ninterior del colegio gracias a las ense\u00f1anzas de los forjadores ambientales.\nEllos le inculcan a sus compa\u00f1eros como trabajar el reciclaje, separando y dejando\ntodo listo para que el tren pase por los establecimientos educacionales y se\nlleve los residuos\u201d. La m\u00e1xima autoridad comunal aprovech\u00f3 la instancia para\nagradecer p\u00fablicamente el apoyo del seremi, que con fondos del Ministerio de\nMedio Ambiente &nbsp;permiti\u00f3 llevar a la\npr\u00e1ctica el tren del reciclaje.<\/p>\n\n\n\n<p>&nbsp;En la misma l\u00ednea, Ana Mayorga Bahamonde, gobernadora\nde la provincia de \u00daltima Esperanza, se\u00f1al\u00f3 que \u201cesta tremenda iniciativa busca\nconcientizar y educar. Todo parte en los colegios con nuestros ni\u00f1os, los\ncuales son el pilar fundamental en toda la sociedad y que siempre nos van a\nestar dando el ejemplo en todo \u00e1mbito de que ellos pueden, de que ellos son los\nque incentivan a los pap\u00e1s, a sus compa\u00f1eros, al cuidado y al reciclaje\u201d,\nsostuvo.<\/p>\n\n\n\n<p>Eduardo\nSchiappacasse, subray\u00f3 que solo el 20% de lo que va a la basura es realmente\nresiduos, por esto, &nbsp;recalc\u00f3 que \u201cen la\nmedida que avancemos en esta l\u00ednea, vamos a lograr reducir lo que llegue a los\nvertederos, aprovechando estos materiales y as\u00ed cuidando el medio ambiente sin\ngenerar nuevos pl\u00e1sticos, nuevas latas, nuevos papeles, sino que en vez de\ncortar \u00e1rboles, por ejemplo, podemos ocupar estos mismos papeles que estamos\nrecuperando ac\u00e1 para con eso estar cuidando a nivel general nuestro planeta\u201d.<\/p>\n\n\n\n<p>Este proyecto fue realidad gracias a la adjudicaci\u00f3n de los fondos por parte del Club Deportivo Municipalidad de Natales, demostrando el compromiso con el medio ambiente de todas las unidades e instituciones que forman parte de la comuna. En la p\u00e1gina web de la municipalidad se encuentra un mapa geo referencial con todos los puntos verdes que existen en Natales y qu\u00e9 tipo de productos se pueden reciclar. <\/p>\n\n\n\n<figure class=\"wp-block-image\"><img loading=\"lazy\" decoding=\"async\" width=\"900\" height=\"675\" src=\"https:\/\/www.radiopresidenteibanez.cl\/web\/wp-content\/uploads\/2019\/03\/IMG_8064.jpg\" alt=\"\" class=\"wp-image-2487\" srcset=\"https:\/\/www.radiopresidenteibanez.cl\/web\/wp-content\/uploads\/2019\/03\/IMG_8064.jpg 900w, https:\/\/www.radiopresidenteibanez.cl\/web\/wp-content\/uploads\/2019\/03\/IMG_8064-300x225.jpg 300w, https:\/\/www.radiopresidenteibanez.cl\/web\/wp-content\/uploads\/2019\/03\/IMG_8064-768x576.jpg 768w\" sizes=\"auto, (max-width: 900px) 100vw, 900px\" \/><\/figure>\n","protected":false},"excerpt":{"rendered":"<p>Con la participaci\u00f3n de los ni\u00f1os natalinos como principales protagonistas, se desarroll\u00f3 el lanzamiento del carro ecol\u00f3gico que parti\u00f3 su recorrido por las escuelas \u201cCoronel Santiago Bueras\u201d, \u201cJuan Ladrillero\u201d y&#8230; <a class=\"read-more\" href=\"https:\/\/www.radiopresidenteibanez.cl\/web\/tren-de-reciclaje-comenzo-a-recorrer-las-principales-escuelas-de-puerto-natales-recolectando-plasticos-papeles-y-latas-de-aluminio\/\">Leer m\u00e1s<\/a><\/p>\n","protected":false},"author":2,"featured_media":2487,"comment_status":"closed","ping_status":"closed","sticky":false,"template":"","format":"standard","meta":{"footnotes":""},"categories":[1],"tags":[],"class_list":["post-2486","post","type-post","status-publish","format-standard","has-post-thumbnail","hentry","category-cronica"],"_links":{"self":[{"href":"https:\/\/www.radiopresidenteibanez.cl\/web\/wp-json\/wp\/v2\/posts\/2486","targetHints":{"allow":["GET"]}}],"collection":[{"href":"https:\/\/www.radiopresidenteibanez.cl\/web\/wp-json\/wp\/v2\/posts"}],"about":[{"href":"https:\/\/www.radiopresidenteibanez.cl\/web\/wp-json\/wp\/v2\/types\/post"}],"author":[{"embeddable":true,"href":"https:\/\/www.radiopresidenteibanez.cl\/web\/wp-json\/wp\/v2\/users\/2"}],"replies":[{"embeddable":true,"href":"https:\/\/www.radiopresidenteibanez.cl\/web\/wp-json\/wp\/v2\/comments?post=2486"}],"version-history":[{"count":0,"href":"https:\/\/www.radiopresidenteibanez.cl\/web\/wp-json\/wp\/v2\/posts\/2486\/revisions"}],"wp:featuredmedia":[{"embeddable":true,"href":"https:\/\/www.radiopresidenteibanez.cl\/web\/wp-json\/wp\/v2\/media\/2487"}],"wp:attachment":[{"href":"https:\/\/www.radiopresidenteibanez.cl\/web\/wp-json\/wp\/v2\/media?parent=2486"}],"wp:term":[{"taxonomy":"category","embeddable":true,"href":"https:\/\/www.radiopresidenteibanez.cl\/web\/wp-json\/wp\/v2\/categories?post=2486"},{"taxonomy":"post_tag","embeddable":true,"href":"https:\/\/www.radiopresidenteibanez.cl\/web\/wp-json\/wp\/v2\/tags?post=2486"}],"curies":[{"name":"wp","href":"https:\/\/api.w.org\/{rel}","templated":true}]}}