{"id":24856,"date":"2021-10-20T11:37:00","date_gmt":"2021-10-20T14:37:00","guid":{"rendered":"https:\/\/www.radiopresidenteibanez.cl\/web\/?p=24856"},"modified":"2021-10-20T09:23:33","modified_gmt":"2021-10-20T12:23:33","slug":"46-organizaciones-sociales-recibieron-fondo-social-presidente-de-la-republica","status":"publish","type":"post","link":"https:\/\/www.radiopresidenteibanez.cl\/web\/46-organizaciones-sociales-recibieron-fondo-social-presidente-de-la-republica\/","title":{"rendered":"46 ORGANIZACIONES SOCIALES RECIBIERON FONDO SOCIAL PRESIDENTE DE LA REPUBLICA"},"content":{"rendered":"\n<p>Esta\nmodalidad (FONDES), permite financiar proyectos de organismos p\u00fablicos o\nprivados, sin fines de lucro, que postulan a financiamiento de car\u00e1cter social\ny se dividen en dos categor\u00edas: proyectos de equipamiento y proyectos de\nimplementaci\u00f3n comunitaria. El marco\npresupuestario asignado para Magallanes para el a\u00f1o 2021 fue de<strong> $ 30.531.640\n<\/strong>y en esta oportunidad se adjudicaron estos recursos a Juntas de Vecinos,\nCentros de Madres, Clubes de adulto Mayor, Clubes deportivos, Asociaciones\ndeportivas, Agrupaciones culturales, vecinales,&nbsp;\nSindicatos, entre otros.<\/p>\n\n\n\n<p>En la\nceremonia, que tuvo lugar en la Junta de Vecinos Loteo Del Mar, la Delegada\nPresidencial explic\u00f3 que el objetivo del Gobierno, al disponer estos recursos,\nes llegar a diversas organizaciones y que se adjudiquen los recursos que est\u00e1n\ndestinados a desarrollar actividades sociales que buscan fortalecer los\nespacios y oportunidades para la vida comunitaria y que, por otra parte, este\nFondo simboliza un premio al esfuerzo, compromiso y dedicaci\u00f3n que dedican los\ndirigentes sociales por el bienestar de sus vecinos y comunidades.<\/p>\n\n\n\n<p>\u201cEstamos\nadjudicando alrededor de $30 millones y medio a 46 organizaciones sociales,\nentre Clubes de Adulto Mayor, clubes deportivos y por supuesto, nuestras tan\nimportantes Juntas de Vecinos. Hoy d\u00eda estamos en Loteo del Mar, junto con sus\ndirigentes, con Claudia su presidenta, con el tesorero y con los vecinos. Ellos\npostularon a un proyecto de un mill\u00f3n y medio (de pesos), que va enfocado sobre\ntodo en h\u00e1bitos de vida saludable y mejorar la salud mental, que tan\ndeteriorada se ha visto durante la pandemia. Con este mill\u00f3n y medio, ellos van\na adquirir el\u00edpticas, trotadoras e indumentaria para poder reactivar la\nactividad f\u00edsica, sobre todo para las personas m\u00e1s perjudicadas que fueron\nnuestros adultos mayores\u201d.<\/p>\n\n\n\n<p>Llegando a\norganizaciones de todo tipo, se contribuye a la construcci\u00f3n o fortalecimiento\ndel tejido social, fomentando la participaci\u00f3n ciudadana. Claudia C\u00e1rdenas\nGallardo, presidenta de la Junta de Vecinos Loteo del Mar, agradeci\u00f3 la\nadjudicaci\u00f3n del proyecto, expresando que \u201cestos recursos son sumamente\nimportantes, porque fueron enfocados desde el tema de salud mental, post\npandemia, por lo tanto ellos (vecinas\/os) van a tener un espacio recreativo,\ndonde van a poder socializar y trabajar en comunidad, como lo han hecho hasta\nel momento. En el contexto de pandemia nos dimos cuenta que la necesidad es que\nnuestros vecinos se vuelvan a encontrar, porque el hecho de estar mucho tiempo\nen sus casas aislados, provoc\u00f3 un tema de salud mental importante que ha sido\nmuy poco abordado\u201d.<\/p>\n","protected":false},"excerpt":{"rendered":"<p>Esta modalidad (FONDES), permite financiar proyectos de organismos p\u00fablicos o privados, sin fines de lucro, que postulan a financiamiento de car\u00e1cter social y se dividen en dos categor\u00edas: proyectos de&#8230; <a class=\"read-more\" href=\"https:\/\/www.radiopresidenteibanez.cl\/web\/46-organizaciones-sociales-recibieron-fondo-social-presidente-de-la-republica\/\">Leer m\u00e1s<\/a><\/p>\n","protected":false},"author":2,"featured_media":24857,"comment_status":"closed","ping_status":"closed","sticky":false,"template":"","format":"standard","meta":{"footnotes":""},"categories":[1],"tags":[],"class_list":["post-24856","post","type-post","status-publish","format-standard","has-post-thumbnail","hentry","category-cronica"],"_links":{"self":[{"href":"https:\/\/www.radiopresidenteibanez.cl\/web\/wp-json\/wp\/v2\/posts\/24856","targetHints":{"allow":["GET"]}}],"collection":[{"href":"https:\/\/www.radiopresidenteibanez.cl\/web\/wp-json\/wp\/v2\/posts"}],"about":[{"href":"https:\/\/www.radiopresidenteibanez.cl\/web\/wp-json\/wp\/v2\/types\/post"}],"author":[{"embeddable":true,"href":"https:\/\/www.radiopresidenteibanez.cl\/web\/wp-json\/wp\/v2\/users\/2"}],"replies":[{"embeddable":true,"href":"https:\/\/www.radiopresidenteibanez.cl\/web\/wp-json\/wp\/v2\/comments?post=24856"}],"version-history":[{"count":0,"href":"https:\/\/www.radiopresidenteibanez.cl\/web\/wp-json\/wp\/v2\/posts\/24856\/revisions"}],"wp:featuredmedia":[{"embeddable":true,"href":"https:\/\/www.radiopresidenteibanez.cl\/web\/wp-json\/wp\/v2\/media\/24857"}],"wp:attachment":[{"href":"https:\/\/www.radiopresidenteibanez.cl\/web\/wp-json\/wp\/v2\/media?parent=24856"}],"wp:term":[{"taxonomy":"category","embeddable":true,"href":"https:\/\/www.radiopresidenteibanez.cl\/web\/wp-json\/wp\/v2\/categories?post=24856"},{"taxonomy":"post_tag","embeddable":true,"href":"https:\/\/www.radiopresidenteibanez.cl\/web\/wp-json\/wp\/v2\/tags?post=24856"}],"curies":[{"name":"wp","href":"https:\/\/api.w.org\/{rel}","templated":true}]}}