{"id":24768,"date":"2021-10-17T10:17:19","date_gmt":"2021-10-17T13:17:19","guid":{"rendered":"https:\/\/www.radiopresidenteibanez.cl\/web\/?p=24768"},"modified":"2021-10-16T21:07:31","modified_gmt":"2021-10-17T00:07:31","slug":"alcalde-radonich-apoya-iniciativa-que-busca-que-la-convencion-constitucional-sesione-en-punta-arenas","status":"publish","type":"post","link":"https:\/\/www.radiopresidenteibanez.cl\/web\/alcalde-radonich-apoya-iniciativa-que-busca-que-la-convencion-constitucional-sesione-en-punta-arenas\/","title":{"rendered":"ALCALDE RADONICH APOYA INICIATIVA QUE BUSCA QUE LA CONVENCI\u00d3N CONSTITUCIONAL SESIONE EN PUNTA ARENAS"},"content":{"rendered":"\n<p>Luego de una reuni\u00f3n sostenida entre el Alcalde Claudio Radonich y la Convencional Constituyente, Margarita Vargas en el Palacio Jos\u00e9 Montes de nuestra ciudad, ambas autoridades informaron acerca de la voluntad para que dicho organismo pueda sesionar en Punta Arenas durante este a\u00f1o.<\/p>\n\n\n\n<p>En ese sentido, el jefe comunal puso a disposici\u00f3n de la Convenci\u00f3n, tanto el Centro Cultural como el Teatro Municipal para dicho cometido, expresando que \u201cSantiago no es Chile, y esperamos que pronto la Convenci\u00f3n entre a los temas de fondo, y para nosotros como Municipalidad es fundamental poder potenciar el trabajo que se est\u00e1 desarrollando, por lo que cuando nos plantearon la idea de que el primer pleno que se realice fuera de Santiago sea en Punta Arenas, decidimos colaborar de inmediato desde nuestra vereda\u201d.<\/p>\n\n\n\n<p>\u201cYa hemos reservado algunas fechas tanto en el Centro Cultural como en el Teatro Municipal, que son los dos inmuebles que poseen mayor aforo, y que permitir\u00edan a los constituyentes poder sesionar en nuestra comuna, mediante lo cual nosotros apoyar\u00edamos en esta iniciativa\u201d, agreg\u00f3 Radonich.<\/p>\n\n\n\n<p>Por su parte, Margarita Vargas, Convencional Constituyente representante del pueblo Kaw\u00e9sqar, dijo: \u201cEstoy tremendamente agradecida del Alcalde, quien se mostr\u00f3 con voluntad para poder avanzar en los temas de la regi\u00f3n. La idea es llevar la convenci\u00f3n constitucional a los territorios, sobre todo a las zonas extremas, para as\u00ed conocer las realidades, y poder tener m\u00e1s insumos para escribir este texto constitucional con pertinencia de los territorios y tambi\u00e9n donde hay presencia de los pueblos originarios\u201d.<\/p>\n\n\n\n<p>Asimismo, la representante Kaweskar, adelant\u00f3 que est\u00e1 en carpeta, la idea de poder sesionar junto a la comisi\u00f3n de Ciencia, Cultura, Arte y Patrimonio, con el fin de mostrar el trabajo local y las ideas vinculadas que surjan desde Magallanes.<\/p>\n\n\n\n<p>En cuanto a las fechas tentativas, ambos personeros hablaron de que la Convenci\u00f3n pueda sesionar en Punta Arenas, ya sea en el mes de noviembre o diciembre de este a\u00f1o.<\/p>\n\n\n\n<p>Finalmente, el Alcalde reiter\u00f3 que \u201chay que recordar que la Convenci\u00f3n posee su presupuesto, adem\u00e1s de los mecanismos t\u00e9cnicos para su desarrollo, por lo que nosotros podemos facilitar el espacio sin costo para que puedan resolver finalmente, la viabilidad de concretar esta intenci\u00f3n que nos han planteado\u201d.<\/p>\n","protected":false},"excerpt":{"rendered":"<p>Luego de una reuni\u00f3n sostenida entre el Alcalde Claudio Radonich y la Convencional Constituyente, Margarita Vargas en el Palacio Jos\u00e9 Montes de nuestra ciudad, ambas autoridades informaron acerca de la&#8230; <a class=\"read-more\" href=\"https:\/\/www.radiopresidenteibanez.cl\/web\/alcalde-radonich-apoya-iniciativa-que-busca-que-la-convencion-constitucional-sesione-en-punta-arenas\/\">Leer m\u00e1s<\/a><\/p>\n","protected":false},"author":2,"featured_media":24769,"comment_status":"closed","ping_status":"closed","sticky":false,"template":"","format":"standard","meta":{"footnotes":""},"categories":[1],"tags":[],"class_list":["post-24768","post","type-post","status-publish","format-standard","has-post-thumbnail","hentry","category-cronica"],"_links":{"self":[{"href":"https:\/\/www.radiopresidenteibanez.cl\/web\/wp-json\/wp\/v2\/posts\/24768","targetHints":{"allow":["GET"]}}],"collection":[{"href":"https:\/\/www.radiopresidenteibanez.cl\/web\/wp-json\/wp\/v2\/posts"}],"about":[{"href":"https:\/\/www.radiopresidenteibanez.cl\/web\/wp-json\/wp\/v2\/types\/post"}],"author":[{"embeddable":true,"href":"https:\/\/www.radiopresidenteibanez.cl\/web\/wp-json\/wp\/v2\/users\/2"}],"replies":[{"embeddable":true,"href":"https:\/\/www.radiopresidenteibanez.cl\/web\/wp-json\/wp\/v2\/comments?post=24768"}],"version-history":[{"count":0,"href":"https:\/\/www.radiopresidenteibanez.cl\/web\/wp-json\/wp\/v2\/posts\/24768\/revisions"}],"wp:featuredmedia":[{"embeddable":true,"href":"https:\/\/www.radiopresidenteibanez.cl\/web\/wp-json\/wp\/v2\/media\/24769"}],"wp:attachment":[{"href":"https:\/\/www.radiopresidenteibanez.cl\/web\/wp-json\/wp\/v2\/media?parent=24768"}],"wp:term":[{"taxonomy":"category","embeddable":true,"href":"https:\/\/www.radiopresidenteibanez.cl\/web\/wp-json\/wp\/v2\/categories?post=24768"},{"taxonomy":"post_tag","embeddable":true,"href":"https:\/\/www.radiopresidenteibanez.cl\/web\/wp-json\/wp\/v2\/tags?post=24768"}],"curies":[{"name":"wp","href":"https:\/\/api.w.org\/{rel}","templated":true}]}}