{"id":24762,"date":"2021-10-16T23:19:50","date_gmt":"2021-10-17T02:19:50","guid":{"rendered":"https:\/\/www.radiopresidenteibanez.cl\/web\/?p=24762"},"modified":"2021-10-16T11:20:59","modified_gmt":"2021-10-16T14:20:59","slug":"internos-del-complejo-penitenciario-de-punta-arenas-participan-exitosamenteen-programa-de-emprendimiento-del-fosis","status":"publish","type":"post","link":"https:\/\/www.radiopresidenteibanez.cl\/web\/internos-del-complejo-penitenciario-de-punta-arenas-participan-exitosamenteen-programa-de-emprendimiento-del-fosis\/","title":{"rendered":"INTERNOS DEL COMPLEJO PENITENCIARIO DE PUNTA ARENAS PARTICIPAN EXITOSAMENTEEN PROGRAMA DE EMPRENDIMIENTO DEL FOSIS"},"content":{"rendered":"\n<p>Entregar oportunidades para que personas privadas de\nlibertad puedan iniciar una idea de negocio que les permitan reinsertarse en el\nmercado laboral una vez accedan al medio libre es el objetivo del programa Yo\nEmprendo Semilla del Fondo de Solidaridad e Inversi\u00f3n Social, FOSIS, servicio\nrelacionado al Ministerio de Desarrollo Social y Familia.<\/p>\n\n\n\n<p>En total, son 13 hombres y 7 mujeres que han participado\nen una primera instancia en talleres de capacitaci\u00f3n en modalidad virtual, adem\u00e1s\nde una asesor\u00eda presencial, donde presentaron su plan de negocios para\nfinanciar herramientas e insumos para iniciar su emprendimiento.<\/p>\n\n\n\n<p>Por ello, en una ceremonia realizada en el\npenal de la comuna, encabezada por el director regional (s) de Gendarmer\u00eda,\nteniente coronel Dan Toro; el alcaide (s) del penal, capit\u00e1n Luis Suazo; y el\ndirector regional del FOSIS, Hern\u00e1n Soto, se entregaron los bienes adquiridos a\nlos internos e internas que se desarrollan en diversos rubros como trabajo en\nmadera, tallado en vidrio, manualidades, carpinter\u00eda, entre otros.<\/p>\n\n\n\n<p>Unas de las usuarias es Teresa Angulo, que se dedica a la\nmanicure y a la peluquer\u00eda en la secci\u00f3n mujeres del Complejo Penitenciario.\n\u201cEs primera vez que me encuentro en un proyecto, donde puedo emprender y\ndesarrollar todas mis habilidades. Debido a las circunstancias en que me\nencuentro surgi\u00f3 la idea y necesidad de trabajar y hacer algo para que este\nlugar sea m\u00e1s ameno para las ni\u00f1as que est\u00e1n ac\u00e1\u201d.<\/p>\n\n\n\n<p>Finalizada la ceremonia, el alcaide (s), capit\u00e1n Luis\nSuazo, destac\u00f3 que \u201cdurante este proceso de reclusi\u00f3n la entrega de\nherramientas de capacitaci\u00f3n, laborales, sin lugar a dudas beneficia sus\naspiraciones futuras al momento de retomar la libertad y acceder al medio\nlibre\u201d.<\/p>\n\n\n\n<p>Por su parte, el director regional del FOSIS, Hern\u00e1n\nSoto, se\u00f1al\u00f3 que \u201ces destacable el inter\u00e9s y participaci\u00f3n de los internos e\ninternas para aprender, crecer y salir adelante. Estas iniciativas son claves\npara su proceso de reinserci\u00f3n laboral una vez salgan a la comunidad\u201d.<\/p>\n\n\n\n<p>La inversi\u00f3n del FOSIS asciende a 17 millones de pesos y\nes ejecutada por la consultora Carlos Perey Maturana. <\/p>\n","protected":false},"excerpt":{"rendered":"<p>Entregar oportunidades para que personas privadas de libertad puedan iniciar una idea de negocio que les permitan reinsertarse en el mercado laboral una vez accedan al medio libre es el&#8230; <a class=\"read-more\" href=\"https:\/\/www.radiopresidenteibanez.cl\/web\/internos-del-complejo-penitenciario-de-punta-arenas-participan-exitosamenteen-programa-de-emprendimiento-del-fosis\/\">Leer m\u00e1s<\/a><\/p>\n","protected":false},"author":2,"featured_media":24763,"comment_status":"closed","ping_status":"closed","sticky":false,"template":"","format":"standard","meta":{"footnotes":""},"categories":[1],"tags":[],"class_list":["post-24762","post","type-post","status-publish","format-standard","has-post-thumbnail","hentry","category-cronica"],"_links":{"self":[{"href":"https:\/\/www.radiopresidenteibanez.cl\/web\/wp-json\/wp\/v2\/posts\/24762","targetHints":{"allow":["GET"]}}],"collection":[{"href":"https:\/\/www.radiopresidenteibanez.cl\/web\/wp-json\/wp\/v2\/posts"}],"about":[{"href":"https:\/\/www.radiopresidenteibanez.cl\/web\/wp-json\/wp\/v2\/types\/post"}],"author":[{"embeddable":true,"href":"https:\/\/www.radiopresidenteibanez.cl\/web\/wp-json\/wp\/v2\/users\/2"}],"replies":[{"embeddable":true,"href":"https:\/\/www.radiopresidenteibanez.cl\/web\/wp-json\/wp\/v2\/comments?post=24762"}],"version-history":[{"count":0,"href":"https:\/\/www.radiopresidenteibanez.cl\/web\/wp-json\/wp\/v2\/posts\/24762\/revisions"}],"wp:featuredmedia":[{"embeddable":true,"href":"https:\/\/www.radiopresidenteibanez.cl\/web\/wp-json\/wp\/v2\/media\/24763"}],"wp:attachment":[{"href":"https:\/\/www.radiopresidenteibanez.cl\/web\/wp-json\/wp\/v2\/media?parent=24762"}],"wp:term":[{"taxonomy":"category","embeddable":true,"href":"https:\/\/www.radiopresidenteibanez.cl\/web\/wp-json\/wp\/v2\/categories?post=24762"},{"taxonomy":"post_tag","embeddable":true,"href":"https:\/\/www.radiopresidenteibanez.cl\/web\/wp-json\/wp\/v2\/tags?post=24762"}],"curies":[{"name":"wp","href":"https:\/\/api.w.org\/{rel}","templated":true}]}}