{"id":2471,"date":"2019-03-20T23:43:29","date_gmt":"2019-03-20T23:43:29","guid":{"rendered":"http:\/\/www.radiopresidenteibanez.cl\/web\/?p=2471"},"modified":"2019-03-20T23:44:07","modified_gmt":"2019-03-20T23:44:07","slug":"nuestros-adultos-mayores-forman-parte-del-desarrollo-de-puerto-natales-y-son-un-gran-ejemplo-de-vida","status":"publish","type":"post","link":"https:\/\/www.radiopresidenteibanez.cl\/web\/nuestros-adultos-mayores-forman-parte-del-desarrollo-de-puerto-natales-y-son-un-gran-ejemplo-de-vida\/","title":{"rendered":"NUESTROS ADULTOS MAYORES FORMAN PARTE DEL DESARROLLO DE PUERTO NATALES Y SON UN GRAN EJEMPLO DE VIDA"},"content":{"rendered":"\n<p>Como ha sido\nla t\u00f3nica de la gesti\u00f3n municipal de Natales en los \u00faltimos a\u00f1os, durante la\njornada de ayer (martes) el alcalde de la comuna junto al concejo municipal se\nreunieron con decenas de dirigentes pertenecientes a m\u00e1s de 30 clubes de\nadultos mayores de la comuna, con el fin de entregar y coordinar las principales\nactividades que se desarrollar\u00e1n durante el 2019. El encuentro cont\u00f3 con la\nparticipaci\u00f3n de la gobernadora provincial Ana Mayorga, quien aprovech\u00f3 la\ninstancia para felicitar al municipio y a los adultos mayores por demostrar una\nvez m\u00e1s el compromiso de trabajo para un mejor desarrollo humano y social en la\ncomuna.<\/p>\n\n\n\n<p>En sus\npalabras de bienvenida Fernando Paredes agradeci\u00f3 el compromiso de las\ndirectivas por el importante inter\u00e9s en trabajar junto a la municipalidad\ndestacando que ellos son un ejemplo vida para las futuras generaciones, en c\u00f3mo\nse debe participar y formar parte de un desarrollo para Puerto Natales, destacando\n&nbsp;que los adultos mayores han valorado\npositivamente el trabajo municipal, \u201cHemos sido capaces de generar actividades\npr\u00e1cticamente durante todo el a\u00f1o y creo que eso habla de la preocupaci\u00f3n y el\ninter\u00e9s que tenemos a trav\u00e9s de la direcci\u00f3n de desarrollo comunitario, es el\nacento que tiene nuestro Concejo Municipal, nuestro trabajo profundo con los\nadultos mayores, ese es el principal mensaje que han recibido las directivas de\nlos diversos clubes\u201d.<\/p>\n\n\n\n<p>El Edil inst\u00f3\nal municipio que durante el a\u00f1o exista la mayor participaci\u00f3n de los adultos\nmayores, subrayando que debe existir un trabajo preferencial en ellos, tal como\nlo consign\u00f3 el alcalde en su llamado a los asistentes \u201cNos interesa mucho sacar\na nuestros adultos mayores de sus casas y generarles actividades, lo importante\nes tenerlos activos y precisamente esa es la consigna que le he planteado\u201d.<\/p>\n\n\n\n<p>A su vez los\nconcejales se mostraron felices por la gran participaci\u00f3n de las directivas de\nlos clubes, donde renovaron su compromiso de trabajar y apoyar cada una de las\niniciativas y actividades que realicen los adultos mayores.<\/p>\n\n\n\n<p>Por su parte,\nElsa Legue en representaci\u00f3n de la uni\u00f3n comunal del adulto mayor, entreg\u00f3 un\nagradecimiento al alcalde y al concejo municipal, pero de manera muy especial\nal equipo de funcionarios municipales que d\u00eda a d\u00eda los apoyan en cada una de\nsus actividades. \u201cNos sentimos muy contentos porque siempre hemos contado con\nel apoyo de la municipalidad en todo lo que realizamos, nos sentimos tomados en\ncuenta y esperemos que este a\u00f1o podamos contar con mucha m\u00e1s participaci\u00f3n de\nnuestros adultos mayores\u201d<\/p>\n\n\n\n<p>Dentro de las principales actividades a realizar durante el 2019, se destaca la celebraci\u00f3n y participaci\u00f3n del aniversario de Puerto Natales, actividades deportivas y de envejecimiento, postulaci\u00f3n a proyectos, fiesta Pasamos Agosto, caminatas inclusivas, plaza ciudadana, celebraci\u00f3n aniversario uni\u00f3n comunal del adulto mayor, entre otras actividades.<\/p>\n\n\n\n<figure class=\"wp-block-image\"><img loading=\"lazy\" decoding=\"async\" width=\"900\" height=\"565\" src=\"https:\/\/www.radiopresidenteibanez.cl\/web\/wp-content\/uploads\/2019\/03\/IMG_9319.jpg\" alt=\"\" class=\"wp-image-2472\" srcset=\"https:\/\/www.radiopresidenteibanez.cl\/web\/wp-content\/uploads\/2019\/03\/IMG_9319.jpg 900w, https:\/\/www.radiopresidenteibanez.cl\/web\/wp-content\/uploads\/2019\/03\/IMG_9319-300x188.jpg 300w, https:\/\/www.radiopresidenteibanez.cl\/web\/wp-content\/uploads\/2019\/03\/IMG_9319-768x482.jpg 768w\" sizes=\"auto, (max-width: 900px) 100vw, 900px\" \/><\/figure>\n","protected":false},"excerpt":{"rendered":"<p>Como ha sido la t\u00f3nica de la gesti\u00f3n municipal de Natales en los \u00faltimos a\u00f1os, durante la jornada de ayer (martes) el alcalde de la comuna junto al concejo municipal&#8230; <a class=\"read-more\" href=\"https:\/\/www.radiopresidenteibanez.cl\/web\/nuestros-adultos-mayores-forman-parte-del-desarrollo-de-puerto-natales-y-son-un-gran-ejemplo-de-vida\/\">Leer m\u00e1s<\/a><\/p>\n","protected":false},"author":2,"featured_media":2472,"comment_status":"closed","ping_status":"closed","sticky":false,"template":"","format":"standard","meta":{"footnotes":""},"categories":[1],"tags":[],"class_list":["post-2471","post","type-post","status-publish","format-standard","has-post-thumbnail","hentry","category-cronica"],"_links":{"self":[{"href":"https:\/\/www.radiopresidenteibanez.cl\/web\/wp-json\/wp\/v2\/posts\/2471","targetHints":{"allow":["GET"]}}],"collection":[{"href":"https:\/\/www.radiopresidenteibanez.cl\/web\/wp-json\/wp\/v2\/posts"}],"about":[{"href":"https:\/\/www.radiopresidenteibanez.cl\/web\/wp-json\/wp\/v2\/types\/post"}],"author":[{"embeddable":true,"href":"https:\/\/www.radiopresidenteibanez.cl\/web\/wp-json\/wp\/v2\/users\/2"}],"replies":[{"embeddable":true,"href":"https:\/\/www.radiopresidenteibanez.cl\/web\/wp-json\/wp\/v2\/comments?post=2471"}],"version-history":[{"count":0,"href":"https:\/\/www.radiopresidenteibanez.cl\/web\/wp-json\/wp\/v2\/posts\/2471\/revisions"}],"wp:featuredmedia":[{"embeddable":true,"href":"https:\/\/www.radiopresidenteibanez.cl\/web\/wp-json\/wp\/v2\/media\/2472"}],"wp:attachment":[{"href":"https:\/\/www.radiopresidenteibanez.cl\/web\/wp-json\/wp\/v2\/media?parent=2471"}],"wp:term":[{"taxonomy":"category","embeddable":true,"href":"https:\/\/www.radiopresidenteibanez.cl\/web\/wp-json\/wp\/v2\/categories?post=2471"},{"taxonomy":"post_tag","embeddable":true,"href":"https:\/\/www.radiopresidenteibanez.cl\/web\/wp-json\/wp\/v2\/tags?post=2471"}],"curies":[{"name":"wp","href":"https:\/\/api.w.org\/{rel}","templated":true}]}}