{"id":2468,"date":"2019-03-20T23:37:26","date_gmt":"2019-03-20T23:37:26","guid":{"rendered":"http:\/\/www.radiopresidenteibanez.cl\/web\/?p=2468"},"modified":"2019-03-20T23:38:04","modified_gmt":"2019-03-20T23:38:04","slug":"magallanes-lanza-campana-de-vacunacion-contra-la-influenza-esperando-alcanzar-a-lo-menos-el-85-de-cobertura","status":"publish","type":"post","link":"https:\/\/www.radiopresidenteibanez.cl\/web\/magallanes-lanza-campana-de-vacunacion-contra-la-influenza-esperando-alcanzar-a-lo-menos-el-85-de-cobertura\/","title":{"rendered":"MAGALLANES LANZA CAMPA\u00d1A DE VACUNACI\u00d3N CONTRA LA INFLUENZA ESPERANDO ALCANZAR A LO MENOS EL 85% DE COBERTURA"},"content":{"rendered":"\n<p>Autoridades regionales durante una\nvisita al Centro Quemanta, efectuaron el lanzamiento de esta Campa\u00f1a de\nVacunaci\u00f3n, invitando a la comunidad a cumplir con el slogan de este a\u00f1o <strong>#PonElHombro<\/strong> al Invierno y as\u00ed\nprepararse oportunamente para las enfermedades de la temporada m\u00e1s fr\u00eda del\na\u00f1o.<\/p>\n\n\n\n<p>De esta forma, asistieron a dicho\nlanzamiento, el Intendente (S), Homero Villegas, la SEREMI de Salud, Mariela\nRojas, la SEREMI de Gobierno, Alejandra Mu\u00f1oz, el Director del Servicio de\nSalud Magallanes, Nelson Reyes, la Jefa del \u00c1rea Salud de la Corporaci\u00f3n\nMunicipal de Punta Arenas, Rosa Bidart, la Subdirectora del SSM, Dra. Mar\u00eda\nIsabel Iduya, el Director (S) del Hospital Cl\u00ednico, Sadoc Ramirez y el\nSubdirector M\u00e9dico del recinto, Dr. Claudio Barria. <\/p>\n\n\n\n<p>A ellos se sumaron, aproximadamente 20\nde los 54 adultos mayores que son beneficiarios del Centro, directivos,\nprofesionales y t\u00e9cnicos que conforman el equipo del Quemanta, coordinado por\nla enfermera Ximena Barrientos. Los adultos mayores participaron activamente de\nuna exposici\u00f3n informativa sobre la importancia de la vacuna contra la influenza\ny los beneficios para la salud de ellos, posteriormente se inici\u00f3 la vacunaci\u00f3n\nen presencia de las autoridades y los medios de comunicaci\u00f3n.<\/p>\n\n\n\n<p>El\nIntendente (S) de Magallanes, Homero Villegas, expres\u00f3 que \u201ces extremadamente\nimportante para nosotros como Gobierno del Presidente Sebastian Pi\u00f1era estar\nac\u00e1 dando el inicio de la campa\u00f1a de vacunaci\u00f3n contra la influenza en la\nregi\u00f3n. Es muy importante por los grupos etareos que est\u00e1n involucrados y que\nhay que cuidar. Pero lo m\u00e1s relevante es el concepto de solidaridad en el\nsentido de que si yo me vacuno, cuido mi entorno. Tenemos un desaf\u00edo en la\nregi\u00f3n de cuidar a toda la poblaci\u00f3n. Vacunarse es pensar y cuidar a los dem\u00e1s,\nas\u00ed que quiero motivar a todos a hacerlo, porque as\u00ed tenemos a menos personas que\ntengan posibilidad de enfermarse de influenza. Queremos insistir que est\u00e1n\ntodas las opciones\u201d.<\/p>\n\n\n\n<p>La\nSEREMI de Salud, Mariela Rojas, explic\u00f3 que el lema de la campa\u00f1a de este a\u00f1o\nes Ponle el hombro al invierno, lo que \u201csignifica que como red vamos a trabajar\nen conjunto para llegar ojal\u00e1 el 85% de cobertura y que no tengamos adultos\nmayores, enfermos cr\u00f3nicos o cualquiera persona del grupo objetivo con alg\u00fan\ntipo de complicaci\u00f3n por no vacunarse. Ustedes saben que estamos\npermanentemente con campa\u00f1as de vacunaci\u00f3n y en este minuto es Ponle el Hombro\na la influenza, para no tener ni fallecidos ni enfermos graves por esta\nenfermedad en Magallanes\u201d, agregando que se desarrolla un importante trabajo en\nred para acercar la vacuna a la comunidad.<\/p>\n\n\n\n<p>En la regi\u00f3n de Magallanes, la\npoblaci\u00f3n objetivo para este a\u00f1o es de 58.798 mil personas aproximadamente. La\ncobertura de esta campa\u00f1a lograda a nivel regional el 2018 fue de 82,5%. A\nnivel nacional la poblaci\u00f3n a vacunar corresponde a 5.988.904 personas. En Magallanes durante el 2018 se notificaron 28\ncasos de infecci\u00f3n respiratoria aguda grave (IRAG), con 2 fallecidos. En tanto\ndesde enero del 2019 a la fecha se han notificados 3 casos de influenza, sin\npresentarse a\u00fan IRAG. El porcentaje de consultas respiratorias se encuentra en\nel rango normal para la fecha.<\/p>\n\n\n\n<p>En este sentido el Director del SSM,\nNelson Reyes, invit\u00f3 a todos los grupos de alto riesgo a vacunarse, explicando\nque \u201cnosotros como red vamos a colocar todo nuestro apoyo, sobre todo en los\nestablecimientos de atenci\u00f3n primaria, pero tambi\u00e9n este llamado es al personal\nde salud que debe protegerse. Tenemos que aumentar la cobertura del a\u00f1o pasado\ny, por lo tanto, invito a los p\u00fablicos objetivos a concurrir a los centros de\nsalud y recibir esta vacuna\u201d.<\/p>\n\n\n\n<p>La Jefa del \u00c1rea de la Corporaci\u00f3n\nMunicipal de Punta Arenas, Rosa Bidart, explic\u00f3 que una de las mayores\nprecauciones para la salud primaria es la vacunaci\u00f3n oportuna de adultos\nmayores y embarazadas. \u201dNosotros tenemos el Programa Punta Arenas Te Cuida en\nel cual tenemos veh\u00edculos con los que vamos a domicilio y adem\u00e1s una cl\u00ednica m\u00f3vil\ncon la que nos vamos a movilizar para vacunar a todas las personas que no\npueden salir de sus domicilios. A esto se suma todos los vacunatorios de los\ncinco Cesfam y tres Cecosf, en donde tambi\u00e9n se administran las vacunas\u201d,\ndetall\u00f3.<\/p>\n\n\n\n<p>Gerda\nRuiz Ovando, de 79 a\u00f1os, al ser vacunada coment\u00f3 que \u201chay que aprovechar esto,\ntodos los a\u00f1os hay que vacunarse, es mejor prevenir que curar. Si, si es un\npinchazo, que es lo que significa un pinchacito, no duele ni nada\u201d. En tanto,\nJuan Aurelio C\u00e1rdenas C\u00e1rdenas, de 80 a\u00f1os, manifest\u00f3 que \u201cyo estoy muy\nagradecido que vengan ac\u00e1 (a vacunar) yo fui el primero que me vacunaron y no\nsent\u00ed siquiera. Yo hasta los 75 a\u00f1os no tomaba ni antibi\u00f3ticos\u201d.&nbsp;&nbsp;&nbsp;&nbsp; &nbsp;&nbsp;&nbsp;&nbsp;&nbsp;&nbsp;&nbsp;&nbsp;&nbsp;&nbsp;&nbsp;&nbsp;&nbsp;&nbsp;&nbsp;&nbsp;&nbsp;&nbsp;&nbsp;&nbsp;&nbsp;&nbsp;&nbsp;&nbsp;&nbsp;&nbsp;&nbsp;&nbsp;&nbsp;&nbsp;&nbsp;&nbsp;&nbsp;&nbsp;&nbsp;&nbsp;&nbsp;&nbsp;&nbsp;&nbsp;&nbsp;&nbsp;&nbsp;&nbsp;&nbsp;&nbsp;&nbsp;&nbsp;&nbsp;&nbsp;&nbsp;&nbsp;&nbsp;&nbsp;&nbsp;&nbsp;&nbsp;&nbsp;&nbsp;&nbsp;&nbsp;&nbsp;&nbsp;&nbsp;&nbsp;&nbsp;&nbsp;&nbsp;&nbsp;&nbsp;&nbsp;&nbsp;&nbsp;&nbsp;&nbsp;&nbsp;&nbsp;&nbsp;&nbsp;&nbsp;&nbsp;&nbsp;&nbsp;&nbsp;&nbsp;&nbsp;&nbsp;&nbsp;&nbsp;&nbsp;&nbsp;&nbsp;&nbsp;&nbsp;&nbsp;&nbsp;&nbsp;&nbsp;&nbsp;&nbsp;&nbsp;&nbsp;&nbsp;&nbsp;&nbsp;&nbsp;&nbsp;&nbsp;&nbsp;&nbsp;&nbsp;&nbsp;&nbsp;&nbsp;&nbsp;&nbsp;&nbsp;&nbsp;&nbsp;&nbsp;&nbsp;&nbsp;&nbsp;<\/p>\n\n\n\n<p>La\nCampa\u00f1a Anti-Influenza que cada a\u00f1o que ejecuta el Ministerio de Salud se\nencuentra enfocada en las personas que tienen mayor riesgo de contagiarse y de\nsufrir complicaciones causadas por el virus de la Influenza. <\/p>\n\n\n\n<p>La poblaci\u00f3n objetivo de\nla campa\u00f1a este a\u00f1o est\u00e1 compuesta por:<\/p>\n\n\n\n<ul class=\"wp-block-list\"><li>Las embarazadas, a partir\nde la 13\u00aa semana de gestaci\u00f3n.<\/li><li>Los ni\u00f1os y ni\u00f1as de edades\ncomprendidas entre los 6 meses a 5 a\u00f1os 11 meses y 29 d\u00edas.<\/li><li>Los adultos mayores de 65\na\u00f1os y m\u00e1s.<\/li><li>Los enfermos cr\u00f3nicos entre\n6 y 64 a\u00f1os.<\/li><li>Trabajadores de av\u00edcolas y\nde criaderos de cerdos.<\/li><li>Trabajadores,\nvoluntarios o estudiantes que desempe\u00f1an labores en establecimientos asistenciales\np\u00fablicos o privados.<\/li><li>Trabajadores\nde la salud<\/li><li>Otras\nprioridades regionales.<\/li><\/ul>\n\n\n\n<p>La Influenza es una enfermedad\nrespiratoria contagiosa causada por el virus del mismo nombre, que se transmite\ndesde una persona enferma al toser, estornudar o mediante las secreciones\nnasales. Otras enfermedades respiratorias pueden tener los mismos s\u00edntomas y a\nmenudo se confunden con la Influenza, como lo es el resfr\u00edo com\u00fan. Lo que le da\nel sello, m\u00e1s all\u00e1 de la sintomatolog\u00eda, es su aparici\u00f3n en epidemias invernales\nque afectan todos los a\u00f1os a los hemisferios norte y sur.<\/p>\n\n\n\n<p><strong>Aspectos\na Destacar<\/strong><\/p>\n\n\n\n<p>Las vacunas son seguras, efectivas y\nnecesarias para la salud. A medida que avance la Campa\u00f1a, adem\u00e1s de los puntos\nfrecuentes de vacunaci\u00f3n, tambi\u00e9n se habilitar\u00e1n puntos extras para responder\nde mejor manera la demanda de la poblaci\u00f3n y continuar vacunando a las otras\nprioridades regionales como educadores de p\u00e1rvulos, trabajadores de zonas en\naislamiento geogr\u00e1fico y condiciones clim\u00e1ticas extremas, entre otras.<\/p>\n\n\n\n<p><strong>\u00bfD\u00f3nde\nse administra la vacuna?<\/strong><\/p>\n\n\n\n<ul class=\"wp-block-list\"><li>En todos los establecimientos\nde atenci\u00f3n primaria del sistema p\u00fablico de salud. <\/li><li>En todas las postas de salud\nrural y hospitales comunitarios de Porvenir y Puerto Williams<\/li><li>En todos los vacunatorios del\nsector privado en convenio con la SEREMI de Salud (Cl\u00ednica Magallanes y\nMegasalud)<\/li><li>Los equipos de salud de los\nCESFAM se trasladan adem\u00e1s a colegios, jardines infantiles y otros lugares en\nlos que se concentra poblaci\u00f3n prioritaria para la campa\u00f1a (Hogares de Adultos\nMayores, por ejemplo)<\/li><\/ul>\n\n\n\n<p><strong>\u00bfCu\u00e1nto cuesta la vacuna?<\/strong><\/p>\n\n\n\n<p><strong>La vacuna no tiene costo para <\/strong>las personas pertenecientes a los grupos objetivo, sean ellas beneficiarias de FONASA, ISAPRE o Fuerzas Armadas independientemente del vacunatorio al que acudan. <\/p>\n\n\n\n<figure class=\"wp-block-image\"><img loading=\"lazy\" decoding=\"async\" width=\"1024\" height=\"683\" src=\"https:\/\/www.radiopresidenteibanez.cl\/web\/wp-content\/uploads\/2019\/03\/ROD_3021-Copiar-1024x683.jpg\" alt=\"\" class=\"wp-image-2469\" srcset=\"https:\/\/www.radiopresidenteibanez.cl\/web\/wp-content\/uploads\/2019\/03\/ROD_3021-Copiar-1024x683.jpg 1024w, https:\/\/www.radiopresidenteibanez.cl\/web\/wp-content\/uploads\/2019\/03\/ROD_3021-Copiar-300x200.jpg 300w, https:\/\/www.radiopresidenteibanez.cl\/web\/wp-content\/uploads\/2019\/03\/ROD_3021-Copiar-768x512.jpg 768w, https:\/\/www.radiopresidenteibanez.cl\/web\/wp-content\/uploads\/2019\/03\/ROD_3021-Copiar.jpg 1152w\" sizes=\"auto, (max-width: 1024px) 100vw, 1024px\" \/><\/figure>\n","protected":false},"excerpt":{"rendered":"<p>Autoridades regionales durante una visita al Centro Quemanta, efectuaron el lanzamiento de esta Campa\u00f1a de Vacunaci\u00f3n, invitando a la comunidad a cumplir con el slogan de este a\u00f1o #PonElHombro al&#8230; <a class=\"read-more\" href=\"https:\/\/www.radiopresidenteibanez.cl\/web\/magallanes-lanza-campana-de-vacunacion-contra-la-influenza-esperando-alcanzar-a-lo-menos-el-85-de-cobertura\/\">Leer m\u00e1s<\/a><\/p>\n","protected":false},"author":2,"featured_media":2469,"comment_status":"closed","ping_status":"closed","sticky":false,"template":"","format":"standard","meta":{"footnotes":""},"categories":[1],"tags":[],"class_list":["post-2468","post","type-post","status-publish","format-standard","has-post-thumbnail","hentry","category-cronica"],"_links":{"self":[{"href":"https:\/\/www.radiopresidenteibanez.cl\/web\/wp-json\/wp\/v2\/posts\/2468","targetHints":{"allow":["GET"]}}],"collection":[{"href":"https:\/\/www.radiopresidenteibanez.cl\/web\/wp-json\/wp\/v2\/posts"}],"about":[{"href":"https:\/\/www.radiopresidenteibanez.cl\/web\/wp-json\/wp\/v2\/types\/post"}],"author":[{"embeddable":true,"href":"https:\/\/www.radiopresidenteibanez.cl\/web\/wp-json\/wp\/v2\/users\/2"}],"replies":[{"embeddable":true,"href":"https:\/\/www.radiopresidenteibanez.cl\/web\/wp-json\/wp\/v2\/comments?post=2468"}],"version-history":[{"count":0,"href":"https:\/\/www.radiopresidenteibanez.cl\/web\/wp-json\/wp\/v2\/posts\/2468\/revisions"}],"wp:featuredmedia":[{"embeddable":true,"href":"https:\/\/www.radiopresidenteibanez.cl\/web\/wp-json\/wp\/v2\/media\/2469"}],"wp:attachment":[{"href":"https:\/\/www.radiopresidenteibanez.cl\/web\/wp-json\/wp\/v2\/media?parent=2468"}],"wp:term":[{"taxonomy":"category","embeddable":true,"href":"https:\/\/www.radiopresidenteibanez.cl\/web\/wp-json\/wp\/v2\/categories?post=2468"},{"taxonomy":"post_tag","embeddable":true,"href":"https:\/\/www.radiopresidenteibanez.cl\/web\/wp-json\/wp\/v2\/tags?post=2468"}],"curies":[{"name":"wp","href":"https:\/\/api.w.org\/{rel}","templated":true}]}}