{"id":24657,"date":"2021-10-13T09:07:18","date_gmt":"2021-10-13T12:07:18","guid":{"rendered":"https:\/\/www.radiopresidenteibanez.cl\/web\/?p=24657"},"modified":"2021-10-13T09:07:24","modified_gmt":"2021-10-13T12:07:24","slug":"camara-de-diputados-aprueba-proyecto-de-parlamentaria-sandra-amar-que-busca-con-insistencia-una-mesa-de-negociacion-del-4-con-el-gobierno","status":"publish","type":"post","link":"https:\/\/www.radiopresidenteibanez.cl\/web\/camara-de-diputados-aprueba-proyecto-de-parlamentaria-sandra-amar-que-busca-con-insistencia-una-mesa-de-negociacion-del-4-con-el-gobierno\/","title":{"rendered":"CAMARA DE DIPUTADOS APRUEBA PROYECTO DE PARLAMENTARIA SANDRA AMAR QUE BUSCA CON INSISTENCIA UNA MESA DE NEGOCIACION DEL 4% CON EL GOBIERNO"},"content":{"rendered":"\n<p>Hoy en la\nC\u00e1mara de Diputadas y Diputados nuevamente se vot\u00f3 proyecto de resoluci\u00f3n de\nautor\u00eda de la parlamentaria Sandra Amar en el cual se da insistencia a la\nsolicitud de levantamiento de una mesa de negociaci\u00f3n de la deuda hist\u00f3rica del\n4%, petici\u00f3n que ya se encuentra en una glosa del presupuesto de la naci\u00f3n del\na\u00f1o 2021.<\/p>\n\n\n\n<p>Al\nrespecto, la Diputada Sandra Amar, afirm\u00f3 que \u201chace dos a\u00f1os atr\u00e1s se acerc\u00f3 a\nm\u00ed la agrupaci\u00f3n del 4%, a trav\u00e9s de su presidenta, la se\u00f1ora Mar\u00eda Teresa\nVargas, quien en ese momento me explic\u00f3 en detalle la situaci\u00f3n de la deuda\nhist\u00f3rica del 4% por la cual llevan luchando por m\u00e1s de 40 a\u00f1os. Ellos me\npidieron apoyo, a lo cual no dud\u00e9 en ning\u00fan momento y he estado siempre\ngestionando espacios de di\u00e1logo para analizar el pago de la deuda y hoy, con\neste proyecto aprobado, se capitaliza con un acercamiento real con el Gobierno\npara poder negociar\u201d.<\/p>\n\n\n\n<p>A eso, la\nparlamentaria agreg\u00f3 que \u201ceste proyecto busca ayudar a todos los trabajadores y\ntrabajadoras que llevan a\u00f1os luchando por su 4%. Desde un principio, cre\u00ed que\nsus demandas eran v\u00e1lidas y fue por eso que me compromet\u00ed a apoyarlos y as\u00ed\nseguir\u00e1 siendo. Durante estos dos a\u00f1os me he mantenido siempre al tanto y\naport\u00e1ndoles desde mi funci\u00f3n como parlamentaria, gestionando reuniones que han\nservido para avanzar. Ahora, el tema queda en manos del Ejecutivo y esperemos\nque la negociaci\u00f3n termine en buenos t\u00e9rminos, para quienes llevan a\u00f1os\nesperando por su devoluci\u00f3n y as\u00ed tener una vejez m\u00e1s digna\u201d. <\/p>\n\n\n\n<p>Recordar\nque esta deuda hist\u00f3rica arrastra m\u00e1s de 40 a\u00f1os y comenz\u00f3 en 1977, d\u00f3nde a los\ntrabajadores y trabajadores que pertenec\u00edan a la Caja de Empleados Particulares\n(EMPART) se les cotiz\u00f3 un 4% m\u00e1s de sus sueldos durante casi 20 a\u00f1os, con el\nfin de que puedan optar a mejores beneficios sociales, los cu\u00e1les nunca\nexistieron, por lo que los afectados est\u00e1n solicitando la devoluci\u00f3n de dichos\ndineros.&nbsp; <\/p>\n","protected":false},"excerpt":{"rendered":"<p>Hoy en la C\u00e1mara de Diputadas y Diputados nuevamente se vot\u00f3 proyecto de resoluci\u00f3n de autor\u00eda de la parlamentaria Sandra Amar en el cual se da insistencia a la solicitud&#8230; <a class=\"read-more\" href=\"https:\/\/www.radiopresidenteibanez.cl\/web\/camara-de-diputados-aprueba-proyecto-de-parlamentaria-sandra-amar-que-busca-con-insistencia-una-mesa-de-negociacion-del-4-con-el-gobierno\/\">Leer m\u00e1s<\/a><\/p>\n","protected":false},"author":2,"featured_media":24658,"comment_status":"closed","ping_status":"closed","sticky":false,"template":"","format":"standard","meta":{"footnotes":""},"categories":[1],"tags":[],"class_list":["post-24657","post","type-post","status-publish","format-standard","has-post-thumbnail","hentry","category-cronica"],"_links":{"self":[{"href":"https:\/\/www.radiopresidenteibanez.cl\/web\/wp-json\/wp\/v2\/posts\/24657","targetHints":{"allow":["GET"]}}],"collection":[{"href":"https:\/\/www.radiopresidenteibanez.cl\/web\/wp-json\/wp\/v2\/posts"}],"about":[{"href":"https:\/\/www.radiopresidenteibanez.cl\/web\/wp-json\/wp\/v2\/types\/post"}],"author":[{"embeddable":true,"href":"https:\/\/www.radiopresidenteibanez.cl\/web\/wp-json\/wp\/v2\/users\/2"}],"replies":[{"embeddable":true,"href":"https:\/\/www.radiopresidenteibanez.cl\/web\/wp-json\/wp\/v2\/comments?post=24657"}],"version-history":[{"count":0,"href":"https:\/\/www.radiopresidenteibanez.cl\/web\/wp-json\/wp\/v2\/posts\/24657\/revisions"}],"wp:featuredmedia":[{"embeddable":true,"href":"https:\/\/www.radiopresidenteibanez.cl\/web\/wp-json\/wp\/v2\/media\/24658"}],"wp:attachment":[{"href":"https:\/\/www.radiopresidenteibanez.cl\/web\/wp-json\/wp\/v2\/media?parent=24657"}],"wp:term":[{"taxonomy":"category","embeddable":true,"href":"https:\/\/www.radiopresidenteibanez.cl\/web\/wp-json\/wp\/v2\/categories?post=24657"},{"taxonomy":"post_tag","embeddable":true,"href":"https:\/\/www.radiopresidenteibanez.cl\/web\/wp-json\/wp\/v2\/tags?post=24657"}],"curies":[{"name":"wp","href":"https:\/\/api.w.org\/{rel}","templated":true}]}}