{"id":24651,"date":"2021-10-12T19:53:00","date_gmt":"2021-10-12T22:53:00","guid":{"rendered":"https:\/\/www.radiopresidenteibanez.cl\/web\/?p=24651"},"modified":"2021-10-12T17:03:56","modified_gmt":"2021-10-12T20:03:56","slug":"autoridad-sanitaria-presento-pagina-web-y-codigo-qr-con-informacion-de-salud-mental-de-la-region","status":"publish","type":"post","link":"https:\/\/www.radiopresidenteibanez.cl\/web\/autoridad-sanitaria-presento-pagina-web-y-codigo-qr-con-informacion-de-salud-mental-de-la-region\/","title":{"rendered":"AUTORIDAD SANITARIA PRESENT\u00d3 P\u00c1GINA WEB Y C\u00d3DIGO QR CON INFORMACI\u00d3N DE SALUD MENTAL DE LA REGI\u00d3N"},"content":{"rendered":"\n<p>En el marco de\nla conmemoraci\u00f3n del D\u00eda Mundial de la Salud Mental, la SEREMI de Salud de\nMagallanes present\u00f3 una p\u00e1gina web y gr\u00e1ficas con c\u00f3digos QR que ser\u00e1n\ndistribuidas en lugares p\u00fablicos, con informaci\u00f3n que re\u00fane toda la oferta\nactualizada de atenci\u00f3n en salud mental de la regi\u00f3n de Magallanes. <\/p>\n\n\n\n<p>En la actividad,\nque se desarroll\u00f3 en el hall central de Zona Franca, participaron el SEREMI de\nSalud (S), Eduardo Castillo, la jefa del Departamento de Salud P\u00fablica, Vivian\nGaray, el equipo de Salud Mental de la instituci\u00f3n, representantes de cuadrillas\nsanitarias y la jefa de marketing y comunicaciones de ZonAustral, Vanessa\nSimunovic. La iniciativa busca acercar la oferta de salud mental a la poblaci\u00f3n\nen consonancia con el lema de la Organizaci\u00f3n Mundial de la Salud (OMS) para\neste a\u00f1o 2021 que se\u00f1ala: \u201cAtenci\u00f3n\nde salud mental para todos: hag\u00e1mosla realidad\u201d.<\/p>\n\n\n\n<p>El SEREMI de\nSalud (S) Eduardo Castillo, explic\u00f3: \u201dEste domingo conmemoramos el D\u00eda de la\nSalud Mental y en ese sentido la SEREMI de Salud quiere acercar la salud mental\na todas las personas, no solo por la realidad habitual que vivimos, sino por lo\nque ha significado este tiempo de pandemia para muchas personas, con situaciones\nde depresi\u00f3n, angustia, duelos inconclusos y otros. <a>Y por eso a trav\u00e9s de nuestra p\u00e1gina web\nhemos lanzado este c\u00f3digo QR<\/a><a href=\"#_msocom_1\">[stss1]<\/a>&nbsp;, donde las personas van a poder acceder a toda la informaci\u00f3n\ny la oferta program\u00e1tica que hay respecto a atenci\u00f3n de salud mental en toda la\nregi\u00f3n de Magallanes. Este mismo c\u00f3digo lo vamos a distribuir a trav\u00e9s de las\nredes sociales, medios de comunicaciones y tambi\u00e9n en muchos lugares p\u00fablicos lo\npodr\u00e1s encontrar, de manera que f\u00e1cilmente a trav\u00e9s del celular lo puedan\nescanear. Tambi\u00e9n les pedimos a los j\u00f3venes su ayuda para que a trav\u00e9s de esta tecnolog\u00eda\nllevar esta informaci\u00f3n a las personas mayores, que a veces no saben realizarlo.\nQueremos acercar la salud mental a toda la regi\u00f3n\u201d.<\/p>\n\n\n\n<p>La psic\u00f3loga\ndel Programa de Salud Mental de la SEREMI, Ana Mar\u00eda Vargas, explic\u00f3 que \u201ces\nuna realidad que la pandemia nos ha llevado a todos a conocer nuestros l\u00edmites\ny a buscar las mejores maneras de adaptarnos. Eso tambi\u00e9n ha hecho necesario\nque las personas requieran y reciban ayuda en salud mental, por el aumento de\nlas consultas relacionadas con ansiedad, especialmente. Desde ah\u00ed surge esta\niniciativa que est\u00e1 vinculada con la conmemoraci\u00f3n&nbsp;&nbsp;&nbsp;&nbsp;&nbsp;&nbsp;&nbsp;&nbsp; mundial del D\u00eda de la Salud Mental, donde la OMS la se\u00f1ala\ncomo una prioridad en t\u00e9rminos de salud para este a\u00f1o. Esa es la idea que encierra\nesta web y c\u00f3digo QR, porque uno en la privacidad de su dispositivo m\u00f3vil puede\nacceder a toda la oferta de salud mental que existe en la regi\u00f3n\u201d.<\/p>\n\n\n\n<p>A trav\u00e9s de la\np\u00e1gina web de SEREMI Salud Magallanes y el C\u00f3digo QR, que se encontrar\u00e1 disponible\nen distintos lugares de acceso p\u00fablico, se podr\u00e1 acceder a la oferta\nprogram\u00e1tica de salud mental actualizada de la regi\u00f3n, la cual se encuentra\ndividida en atenci\u00f3n primaria, secundaria, terciaria, atenci\u00f3n remota y\natenci\u00f3n especializada para violencia y consumo alcohol y otras drogas;\nadicionalmente se sumar\u00e1n diversos recursos audiovisuales desarrollados por el\nPrograma de Salud Mental de la SEREMI de Salud durante este a\u00f1o 2021, para\ninformar, educar y acercar la Salud Mental a la poblaci\u00f3n en un lenguaje accesible\ny cordial. Se contar\u00e1 con apoyo y colaboraci\u00f3n de las cuadrillas sanitarias en\nla difusi\u00f3n de este material, adem\u00e1s de responder dudas y consultas de la comunidad\nrespecto a este tema.<\/p>\n\n\n\n<hr class=\"wp-block-separator\"\/>\n\n\n\n<p>&nbsp;<a href=\"#_msoanchor_1\">[stss1]<\/a>No se lanz\u00f3 desde la pagina web , porque el QR\nlleva a otra p\u00e1gina: seremisaludmagallanes.cl\/smental&nbsp;&nbsp;&nbsp; no existe v\u00ednculo o banner desde la web\nactual de seremi!!!<\/p>\n","protected":false},"excerpt":{"rendered":"<p>En el marco de la conmemoraci\u00f3n del D\u00eda Mundial de la Salud Mental, la SEREMI de Salud de Magallanes present\u00f3 una p\u00e1gina web y gr\u00e1ficas con c\u00f3digos QR que ser\u00e1n&#8230; <a class=\"read-more\" href=\"https:\/\/www.radiopresidenteibanez.cl\/web\/autoridad-sanitaria-presento-pagina-web-y-codigo-qr-con-informacion-de-salud-mental-de-la-region\/\">Leer m\u00e1s<\/a><\/p>\n","protected":false},"author":2,"featured_media":24652,"comment_status":"closed","ping_status":"closed","sticky":false,"template":"","format":"standard","meta":{"footnotes":""},"categories":[1],"tags":[],"class_list":["post-24651","post","type-post","status-publish","format-standard","has-post-thumbnail","hentry","category-cronica"],"_links":{"self":[{"href":"https:\/\/www.radiopresidenteibanez.cl\/web\/wp-json\/wp\/v2\/posts\/24651","targetHints":{"allow":["GET"]}}],"collection":[{"href":"https:\/\/www.radiopresidenteibanez.cl\/web\/wp-json\/wp\/v2\/posts"}],"about":[{"href":"https:\/\/www.radiopresidenteibanez.cl\/web\/wp-json\/wp\/v2\/types\/post"}],"author":[{"embeddable":true,"href":"https:\/\/www.radiopresidenteibanez.cl\/web\/wp-json\/wp\/v2\/users\/2"}],"replies":[{"embeddable":true,"href":"https:\/\/www.radiopresidenteibanez.cl\/web\/wp-json\/wp\/v2\/comments?post=24651"}],"version-history":[{"count":0,"href":"https:\/\/www.radiopresidenteibanez.cl\/web\/wp-json\/wp\/v2\/posts\/24651\/revisions"}],"wp:featuredmedia":[{"embeddable":true,"href":"https:\/\/www.radiopresidenteibanez.cl\/web\/wp-json\/wp\/v2\/media\/24652"}],"wp:attachment":[{"href":"https:\/\/www.radiopresidenteibanez.cl\/web\/wp-json\/wp\/v2\/media?parent=24651"}],"wp:term":[{"taxonomy":"category","embeddable":true,"href":"https:\/\/www.radiopresidenteibanez.cl\/web\/wp-json\/wp\/v2\/categories?post=24651"},{"taxonomy":"post_tag","embeddable":true,"href":"https:\/\/www.radiopresidenteibanez.cl\/web\/wp-json\/wp\/v2\/tags?post=24651"}],"curies":[{"name":"wp","href":"https:\/\/api.w.org\/{rel}","templated":true}]}}