{"id":2462,"date":"2019-03-20T23:26:05","date_gmt":"2019-03-20T23:26:05","guid":{"rendered":"http:\/\/www.radiopresidenteibanez.cl\/web\/?p=2462"},"modified":"2019-03-20T23:26:47","modified_gmt":"2019-03-20T23:26:47","slug":"seremi-de-la-mujer-tras-cuatro-casos-de-connotacion-publica-en-menos-de-tres-dias-ya-no-estan-los-tiempos-para-ejercer-y-fomentar-machismo-y-violencia-contra-las-mujeres","status":"publish","type":"post","link":"https:\/\/www.radiopresidenteibanez.cl\/web\/seremi-de-la-mujer-tras-cuatro-casos-de-connotacion-publica-en-menos-de-tres-dias-ya-no-estan-los-tiempos-para-ejercer-y-fomentar-machismo-y-violencia-contra-las-mujeres\/","title":{"rendered":"SEREMI DE LA MUJER, TRAS CUATRO CASOS DE CONNOTACI\u00d3N P\u00daBLICA EN MENOS DE TRES D\u00cdAS: \u201cYA NO EST\u00c1N LOS TIEMPOS PARA EJERCER Y FOMENTAR  MACHISMO Y VIOLENCIA CONTRA LAS MUJERES\u201d"},"content":{"rendered":"\n<p>En menos de tres d\u00edas la prensa\nlocal ha debido informar cuatro casos de violencia contra las mujeres, lo que ha provocado evidente conmoci\u00f3n p\u00fablica,\nespecialmente cuando uno de estos involucra a un condenado por femicidio\nfrustrado, quien mientras cumpl\u00eda sentencia fue formalizado por amenazas de\nmuerte contra una mujer.<\/p>\n\n\n\n<p>Al respecto, la Secretaria\nRegional Ministerial de la Mujer y la Equidad de G\u00e9nero, Patricia Mackenney\nSchmauk, aclar\u00f3 que apenas se tuvo conocimiento de estas denuncias se activaron\nlos protocolos definidos para estos casos &#8211; a cargo de la Abogada de la L\u00ednea\nde Violencia Extrema, Femicidios y Casos de Connotaci\u00f3n P\u00fablica de SernamEG\nMagallanes, Cristina Mayorga Salazar-, consistentes en asesor\u00eda jur\u00eddica y\npsicosocial, y eventual patrocinio para representar judicialmente a las mujeres\nsobrevivientes de violencia.<\/p>\n\n\n\n<p>\u201cLos actuales movimientos\nsociales reivindicando los derechos de las mujeres est\u00e1n ayudando fuertemente a\ninstalar la noci\u00f3n de que ya no podemos tolerar m\u00e1s. Ya no est\u00e1n los tiempos\npara ejercer y fomentar machismo y violencia contra las mujeres\u201d, declar\u00f3 la\nautoridad regional, a\u00f1adiendo: \u201cContrario a lo que se podr\u00eda pensar, el aumento\ndel conocimiento p\u00fablico de estos casos es un buen indicador, porque quiere\ndecir que las mujeres ya no est\u00e1n tolerando que los hombres tengan derecho a\ncontrolar su vida y su libertad\u201d.<\/p>\n\n\n\n<p>En promedio, en la Regi\u00f3n de\nMagallanes se reciben dos denuncias de violencia intrafamiliar al d\u00eda y unas\n800 al a\u00f1o, sin embargo, los datos del estudio de prevalencia de violencia intrafamiliar\npublicado por la Universidad de Magallanes el a\u00f1o 2017 son contundentes: <strong>el 37,9% de las mujeres entre 15 y 49 a\u00f1os\nhan vivenciado violencia por parte de su pareja<\/strong>. \u201cDe acuerdo a estos datos,\nestimamos que <strong>s\u00f3lo se est\u00e1 denunciado el\n10% de los casos<\/strong> a nivel regional. Las denuncias efectivamente reportadas\nson la punta del iceberg de una realidad generalizada e instalada en\nMagallanes, que debemos combatir y erradicar\u201d, sostuvo Mackenney.<\/p>\n\n\n\n<p><strong>\u00bfC\u00f3mo detener la violencia?<\/strong><\/p>\n\n\n\n<p>A largo plazo, esta violencia\nestructural debe erradicarse a trav\u00e9s del cambio cultural que necesariamente va\nde la mano con la educaci\u00f3n: \u201cY es parte de las materias que est\u00e1 abordando el gobierno\ndel Presidente Sebasti\u00e1n Pi\u00f1era a trav\u00e9s del Ministerio de la Mujer y la\nEquidad de G\u00e9nero y el Ministerio de Educaci\u00f3n a trav\u00e9s de la Campa\u00f1a de\nEducaci\u00f3n No Sexista que se lanz\u00f3 a principios de este mes\u201d, detalla. A mediano\nplazo, el Ministerio de la Mujer junto al Servicio Nacional de la Mujer y la\nEquidad de G\u00e9nero, busca fomentar las autonom\u00edas f\u00edsica, econ\u00f3mica y pol\u00edtica, a\ntrav\u00e9s de la generaci\u00f3n, implementaci\u00f3n y ejecuci\u00f3n de pol\u00edticas p\u00fablicas, y\nprogramas, en donde entre otras cosas \u2013adem\u00e1s de la atenci\u00f3n, protecci\u00f3n y\nreparaci\u00f3n-, existe permanente sensibilizaci\u00f3n y formaci\u00f3n de monitores de\nprevenci\u00f3n de violencia. <\/p>\n\n\n\n<p>\u201cEl llamado que hacemos como\nMinisterio a las mujeres es a denunciar estos hechos ante Carabineros, PDI,\nFiscal\u00eda o tribunales; a familia y amigos a formar redes de apoyo; y a la\ncomunidad a sentirse apelada a este cambio cultural en donde no se normalice la\nviolencia y la impunidad de los agresores. La violencia contra las mujeres no\nes responsabilidad de un servicio, es un tema de Estado, y ya no se puede\nresolver \u2018puertas adentro\u2019\u201d, enfatiz\u00f3 la Seremi de la Mujer.<\/p>\n\n\n\n<p>Para mayor orientaci\u00f3n sobre\nviolencias puedes contactarte a:<\/p>\n\n\n\n<p><strong>Serem\u00eda de la Mujer y la Equidad de G\u00e9nero:<\/strong> +56 2 225 192 516<\/p>\n\n\n\n<p><strong>SernamEG Magallanes:<\/strong> +56 61 2248906<\/p>\n\n\n\n<p><strong>Centro de la Mujer Punta Arenas:<\/strong> +56 61 2244016<\/p>\n\n\n\n<p><strong>Centro de la Mujer Puerto Natales:<\/strong> +56 61 2410303<\/p>\n\n\n\n<p><strong>Fono de Orientaci\u00f3n de Violencia contra las Mujeres:<\/strong> 1455<\/p>\n\n\n\n<figure class=\"wp-block-image\"><img loading=\"lazy\" decoding=\"async\" width=\"900\" height=\"599\" src=\"https:\/\/www.radiopresidenteibanez.cl\/web\/wp-content\/uploads\/2019\/03\/Seremi-MMEG-Magallanes.jpg\" alt=\"\" class=\"wp-image-2463\" srcset=\"https:\/\/www.radiopresidenteibanez.cl\/web\/wp-content\/uploads\/2019\/03\/Seremi-MMEG-Magallanes.jpg 900w, https:\/\/www.radiopresidenteibanez.cl\/web\/wp-content\/uploads\/2019\/03\/Seremi-MMEG-Magallanes-300x200.jpg 300w, https:\/\/www.radiopresidenteibanez.cl\/web\/wp-content\/uploads\/2019\/03\/Seremi-MMEG-Magallanes-768x511.jpg 768w\" sizes=\"auto, (max-width: 900px) 100vw, 900px\" \/><\/figure>\n","protected":false},"excerpt":{"rendered":"<p>En menos de tres d\u00edas la prensa local ha debido informar cuatro casos de violencia contra las mujeres, lo que ha provocado evidente conmoci\u00f3n p\u00fablica, especialmente cuando uno de estos&#8230; <a class=\"read-more\" href=\"https:\/\/www.radiopresidenteibanez.cl\/web\/seremi-de-la-mujer-tras-cuatro-casos-de-connotacion-publica-en-menos-de-tres-dias-ya-no-estan-los-tiempos-para-ejercer-y-fomentar-machismo-y-violencia-contra-las-mujeres\/\">Leer m\u00e1s<\/a><\/p>\n","protected":false},"author":2,"featured_media":2463,"comment_status":"closed","ping_status":"closed","sticky":false,"template":"","format":"standard","meta":{"footnotes":""},"categories":[1],"tags":[],"class_list":["post-2462","post","type-post","status-publish","format-standard","has-post-thumbnail","hentry","category-cronica"],"_links":{"self":[{"href":"https:\/\/www.radiopresidenteibanez.cl\/web\/wp-json\/wp\/v2\/posts\/2462","targetHints":{"allow":["GET"]}}],"collection":[{"href":"https:\/\/www.radiopresidenteibanez.cl\/web\/wp-json\/wp\/v2\/posts"}],"about":[{"href":"https:\/\/www.radiopresidenteibanez.cl\/web\/wp-json\/wp\/v2\/types\/post"}],"author":[{"embeddable":true,"href":"https:\/\/www.radiopresidenteibanez.cl\/web\/wp-json\/wp\/v2\/users\/2"}],"replies":[{"embeddable":true,"href":"https:\/\/www.radiopresidenteibanez.cl\/web\/wp-json\/wp\/v2\/comments?post=2462"}],"version-history":[{"count":0,"href":"https:\/\/www.radiopresidenteibanez.cl\/web\/wp-json\/wp\/v2\/posts\/2462\/revisions"}],"wp:featuredmedia":[{"embeddable":true,"href":"https:\/\/www.radiopresidenteibanez.cl\/web\/wp-json\/wp\/v2\/media\/2463"}],"wp:attachment":[{"href":"https:\/\/www.radiopresidenteibanez.cl\/web\/wp-json\/wp\/v2\/media?parent=2462"}],"wp:term":[{"taxonomy":"category","embeddable":true,"href":"https:\/\/www.radiopresidenteibanez.cl\/web\/wp-json\/wp\/v2\/categories?post=2462"},{"taxonomy":"post_tag","embeddable":true,"href":"https:\/\/www.radiopresidenteibanez.cl\/web\/wp-json\/wp\/v2\/tags?post=2462"}],"curies":[{"name":"wp","href":"https:\/\/api.w.org\/{rel}","templated":true}]}}