{"id":2459,"date":"2019-03-20T23:20:52","date_gmt":"2019-03-20T23:20:52","guid":{"rendered":"http:\/\/www.radiopresidenteibanez.cl\/web\/?p=2459"},"modified":"2019-03-20T23:21:30","modified_gmt":"2019-03-20T23:21:30","slug":"ninas-y-ninos-del-jardin-bambi-protagonizan-experiencia-de-aprendizaje-a-traves-del-teatro","status":"publish","type":"post","link":"https:\/\/www.radiopresidenteibanez.cl\/web\/ninas-y-ninos-del-jardin-bambi-protagonizan-experiencia-de-aprendizaje-a-traves-del-teatro\/","title":{"rendered":"NI\u00d1AS Y NI\u00d1OS DEL JARD\u00cdN BAMBI PROTAGONIZAN EXPERIENCIA DE APRENDIZAJE A TRAV\u00c9S DEL TEATRO"},"content":{"rendered":"\n<p>Cuarenta y seis ni\u00f1as y ni\u00f1os del\njard\u00edn infantil Bambi de Punta Arenas protagonizar\u00e1n una experiencia creativa y\neducativa, a trav\u00e9s de las artes esc\u00e9nicas. Se trata del taller \u201cHaciendo\nTeatro, aprendemos jugando y somos felices actuando\u201d.<\/p>\n\n\n\n<p>La iniciativa, financiada por el\nMinisterio de las Culturas, las Artes y el Patrimonio, mediante Fondart\nRegional convocatoria 2019, es impulsada por el Centro General de Padres y\nApoderados del establecimiento educacional, ubicado en el barrio 18 de\nSeptiembre de la capital regional. <\/p>\n\n\n\n<p>\u201cEstamos potenciando la creaci\u00f3n\nart\u00edstica en los ni\u00f1os de primera infancia y ubicando a los ni\u00f1os primero en la\nfila, tal como los establece los lineamientos de Gobierno. Adem\u00e1s, estamos\nfortaleciendo la educaci\u00f3n y apuntando a la formaci\u00f3n de audiencia de estos\nni\u00f1os que van a desarrollar habilidades cognitivas y m\u00e1s blandas, que les\npermitir\u00e1n, m\u00e1s tarde, una mejor integraci\u00f3n y desarrollo\u201d, argument\u00f3 la Seremi\nde las Culturas, las Artes y el Patrimonio, Katherine Ibacache, presente en la\nceremonia de lanzamiento del proyecto educativo, a la que tambi\u00e9n asistieron la\nSeremi (s) de Educaci\u00f3n, Beatriz\nS\u00e1nchez; el alcalde de Punta Arenas, Claudio Radonich; la directora regional (s)\nde JUNJI, Marisol Villegas, padres y apoderados.&nbsp;&nbsp;&nbsp; <\/p>\n\n\n\n<p>El proyecto, que se concretar\u00e1 entre\nlos meses de marzo y octubre del presente a\u00f1o, considera clases a cargo de la\nactriz y productora de teatro venezolana, Indira Jim\u00e9nez.<\/p>\n\n\n\n<p>\u201cEl\nobjetivo es que los ni\u00f1os tengan un poco m\u00e1s de apertura al tema del roce\nsocial, que se conozcan a s\u00ed mismo, que pierdan el miedo esc\u00e9nico y que puedan\ntrabajar con sus talentos y habilidades\u201d, precis\u00f3 Jim\u00e9nez. <\/p>\n\n\n\n<p>Treinta ni\u00f1os y ni\u00f1as del nivel medio\nmayor y diecis\u00e9is del Heterog\u00e9neo, formar\u00e1n parte de las clases que acercar\u00e1n\nel teatro a la primera infancia, recurriendo a la disciplina como una\nherramienta pedag\u00f3gica. Conectar a los p\u00e1rvulos (de 3 y 4 a\u00f1os de edad), con el\nmundo del arte y trabajar \u00e1reas como la est\u00e9tica, reflexi\u00f3n, capacidad\ncreativa, las emociones y el desarrollo de habilidades, son objetivos a los que\napunta la propuesta.&nbsp; <\/p>\n\n\n\n<p>\u201cComo\njard\u00edn infantil estamos muy agradecidos de la Serem\u00eda de las Culturas, las\nArtes y el Patrimonio, porque los ni\u00f1os van a tener la oportunidad de\ndesarrollar su creatividad, su veta art\u00edstica, cognitiva y la parte social.\nEllos son los primeros beneficiados y realmente para nosotros es una excelente\noportunidad que nos ofrece el Ministerio\u201d, se\u00f1al\u00f3 la directora del jard\u00edn\nBambi, Wilma Lagos.<\/p>\n\n\n\n<p>El taller, que finalizar\u00e1 con una\npuesta en escena en el mes de octubre, responde a los deseos expresados por los\npropios usuarios. De manera paralela a la implementaci\u00f3n de actividades\nart\u00edsticas se evalu\u00f3 el inter\u00e9s de los p\u00e1rvulos, dando como resultado una\nmarcada inclinaci\u00f3n por las artes esc\u00e9nicas.<\/p>\n\n\n\n<p>El jard\u00edn Bambi, de la red JUNJI, cuenta con 26 a\u00f1os de funcionamiento y posee sello art\u00edstico.<\/p>\n\n\n\n<figure class=\"wp-block-image\"><img loading=\"lazy\" decoding=\"async\" width=\"1000\" height=\"667\" src=\"https:\/\/www.radiopresidenteibanez.cl\/web\/wp-content\/uploads\/2019\/03\/IMG_4322.jpg\" alt=\"\" class=\"wp-image-2460\" srcset=\"https:\/\/www.radiopresidenteibanez.cl\/web\/wp-content\/uploads\/2019\/03\/IMG_4322.jpg 1000w, https:\/\/www.radiopresidenteibanez.cl\/web\/wp-content\/uploads\/2019\/03\/IMG_4322-300x200.jpg 300w, https:\/\/www.radiopresidenteibanez.cl\/web\/wp-content\/uploads\/2019\/03\/IMG_4322-768x512.jpg 768w\" sizes=\"auto, (max-width: 1000px) 100vw, 1000px\" \/><\/figure>\n","protected":false},"excerpt":{"rendered":"<p>Cuarenta y seis ni\u00f1as y ni\u00f1os del jard\u00edn infantil Bambi de Punta Arenas protagonizar\u00e1n una experiencia creativa y educativa, a trav\u00e9s de las artes esc\u00e9nicas. Se trata del taller \u201cHaciendo&#8230; <a class=\"read-more\" href=\"https:\/\/www.radiopresidenteibanez.cl\/web\/ninas-y-ninos-del-jardin-bambi-protagonizan-experiencia-de-aprendizaje-a-traves-del-teatro\/\">Leer m\u00e1s<\/a><\/p>\n","protected":false},"author":2,"featured_media":2460,"comment_status":"closed","ping_status":"closed","sticky":false,"template":"","format":"standard","meta":{"footnotes":""},"categories":[1],"tags":[],"class_list":["post-2459","post","type-post","status-publish","format-standard","has-post-thumbnail","hentry","category-cronica"],"_links":{"self":[{"href":"https:\/\/www.radiopresidenteibanez.cl\/web\/wp-json\/wp\/v2\/posts\/2459","targetHints":{"allow":["GET"]}}],"collection":[{"href":"https:\/\/www.radiopresidenteibanez.cl\/web\/wp-json\/wp\/v2\/posts"}],"about":[{"href":"https:\/\/www.radiopresidenteibanez.cl\/web\/wp-json\/wp\/v2\/types\/post"}],"author":[{"embeddable":true,"href":"https:\/\/www.radiopresidenteibanez.cl\/web\/wp-json\/wp\/v2\/users\/2"}],"replies":[{"embeddable":true,"href":"https:\/\/www.radiopresidenteibanez.cl\/web\/wp-json\/wp\/v2\/comments?post=2459"}],"version-history":[{"count":0,"href":"https:\/\/www.radiopresidenteibanez.cl\/web\/wp-json\/wp\/v2\/posts\/2459\/revisions"}],"wp:featuredmedia":[{"embeddable":true,"href":"https:\/\/www.radiopresidenteibanez.cl\/web\/wp-json\/wp\/v2\/media\/2460"}],"wp:attachment":[{"href":"https:\/\/www.radiopresidenteibanez.cl\/web\/wp-json\/wp\/v2\/media?parent=2459"}],"wp:term":[{"taxonomy":"category","embeddable":true,"href":"https:\/\/www.radiopresidenteibanez.cl\/web\/wp-json\/wp\/v2\/categories?post=2459"},{"taxonomy":"post_tag","embeddable":true,"href":"https:\/\/www.radiopresidenteibanez.cl\/web\/wp-json\/wp\/v2\/tags?post=2459"}],"curies":[{"name":"wp","href":"https:\/\/api.w.org\/{rel}","templated":true}]}}