{"id":2453,"date":"2019-03-20T23:07:59","date_gmt":"2019-03-20T23:07:59","guid":{"rendered":"http:\/\/www.radiopresidenteibanez.cl\/web\/?p=2453"},"modified":"2019-03-20T23:08:18","modified_gmt":"2019-03-20T23:08:18","slug":"fosis-abrio-proceso-de-postulacion-a-programas-de-emprendimiento-y-empleabilidad","status":"publish","type":"post","link":"https:\/\/www.radiopresidenteibanez.cl\/web\/fosis-abrio-proceso-de-postulacion-a-programas-de-emprendimiento-y-empleabilidad\/","title":{"rendered":"FOSIS ABRI\u00d3 PROCESO DE POSTULACI\u00d3N A PROGRAMAS DE EMPRENDIMIENTO Y EMPLEABILIDAD"},"content":{"rendered":"\n<p>Hasta el sal\u00f3n de belleza de Grecia\nBasualto lleg\u00f3 la Secretaria Regional Ministerial de Desarrollo Social, Liz\nCasanueva, junto al director regional del Fondo de Solidaridad e Inversi\u00f3n\nSocial, FOSIS, Hern\u00e1n Soto, para dar a conocer el testimonio de emprendimiento\nde esta usuaria que ha participado en varios programas del servicio.<\/p>\n\n\n\n<p>\u201cParece un sacrificio, te cuesta, pero\nsales ganando. Yo soy grande gracias al FOSIS\u201d. As\u00ed resume Grecia su paso por\nlas iniciativas que han permitido consolidar su\nnegocio, a trav\u00e9s de la adquisici\u00f3n de sillones de peluquer\u00eda y lava pelo,\nsecadoras, m\u00e1quinas de corte y herramientas en general.<\/p>\n\n\n\n<p>En ella las autoridades\nquisieron reflejar que el esfuerzo es recompensado, a la vez que invitaron a\nlos interesados a participar en este nuevo proceso de postulaci\u00f3n a programas\nde emprendimiento y empleabilidad que ofrece el FOSIS.<\/p>\n\n\n\n<p>En general, los requisitos\nb\u00e1sicos son ser mayor de 18 a\u00f1os, con excepci\u00f3n del programa Yo Trabajo J\u00f3venes\nque es a partir de los 17 a\u00f1os, contar con el Registro Social de Hogares al d\u00eda\ny estar dentro del 40% m\u00e1s vulnerable para los programas \u201cYo Emprendo Semilla\u201d\npara todas las comunas. <\/p>\n\n\n\n<p>En el caso de los programas Yo\nEmprendo, niveles B\u00e1sico y Avanzado, deben pertenecer al 50% en Punta Arenas, y\nhasta el 60% en las comunas de Natales y Porvenir, y estar dispuesto a realizar\nun aporte propio entre 40 y 45 mil pesos aproximadamente.<\/p>\n\n\n\n<p>Estos programas ofrecen\ntalleres de capacitaci\u00f3n, asesor\u00eda comercial y el financiamiento de un plan de\nnegocios para la adquisici\u00f3n de bienes e insumos para comenzar un negocio o\nfortalecer uno en desarrollo.<\/p>\n\n\n\n<p>\u201cSon proyectos que van a venir\na subsanar algunas necesidades que tiene la poblaci\u00f3n y que se encuentren con\nestas caracter\u00edsticas, donde vamos a poder entregar apoyo en talleres, en el\ncaso del programa Yo Trabajo J\u00f3venes, apresto laboral en general\u2026 son m\u00e1s de 30\nmil cupos los que se van a entregar a nivel nacional y 531 a nivel regional.\nAs\u00ed que estamos muy contentos de poder mejorar la calidad de vida de nuestros\nciudadanos a trav\u00e9s de estos programas, que es el mandato que nos ha entregado\nel Presidente Sebasti\u00e1n Pi\u00f1era de hacer llegar estos fondos a la poblaci\u00f3n\u201d,\nse\u00f1al\u00f3 la Seremi de Desarrollo Social, Liz Casanueva.<\/p>\n\n\n\n<p>Por su parte, el director\nregional del FOSIS, Hern\u00e1n Soto, manifest\u00f3 que \u201cqueremos reafirmar que somos un\nservicio que est\u00e1 permanentemente preocupado en dar oportunidades a las personas\npara que puedan salir de una situaci\u00f3n de vulnerabilidad o e pobreza. Cuando\nterminan los proyectos, pueden obtener recursos aut\u00f3nomos a trav\u00e9s de una\nactividad comercial, en diversos rubros\u201d.<strong><\/strong><\/p>\n\n\n\n<p>Los canales de postulaci\u00f3n son el sitio web www.fosis.gob.cl, la oficina Regional del FOSIS en Punta Arenas, en Lautaro Navarro 358, de lunes a viernes de 9 a 13 hrs., y excepcionalmente los d\u00edas mi\u00e9rcoles en la tarde, de 14.30 a 17:00 hrs.; adem\u00e1s de las oficinas de ChileAtiende en Punta Arenas, Natales y Porvenir.<\/p>\n\n\n\n<figure class=\"wp-block-image\"><img loading=\"lazy\" decoding=\"async\" width=\"900\" height=\"675\" src=\"https:\/\/www.radiopresidenteibanez.cl\/web\/wp-content\/uploads\/2019\/03\/2-4.jpg\" alt=\"\" class=\"wp-image-2454\" srcset=\"https:\/\/www.radiopresidenteibanez.cl\/web\/wp-content\/uploads\/2019\/03\/2-4.jpg 900w, https:\/\/www.radiopresidenteibanez.cl\/web\/wp-content\/uploads\/2019\/03\/2-4-300x225.jpg 300w, https:\/\/www.radiopresidenteibanez.cl\/web\/wp-content\/uploads\/2019\/03\/2-4-768x576.jpg 768w\" sizes=\"auto, (max-width: 900px) 100vw, 900px\" \/><\/figure>\n","protected":false},"excerpt":{"rendered":"<p>Hasta el sal\u00f3n de belleza de Grecia Basualto lleg\u00f3 la Secretaria Regional Ministerial de Desarrollo Social, Liz Casanueva, junto al director regional del Fondo de Solidaridad e Inversi\u00f3n Social, FOSIS,&#8230; <a class=\"read-more\" href=\"https:\/\/www.radiopresidenteibanez.cl\/web\/fosis-abrio-proceso-de-postulacion-a-programas-de-emprendimiento-y-empleabilidad\/\">Leer m\u00e1s<\/a><\/p>\n","protected":false},"author":2,"featured_media":2454,"comment_status":"closed","ping_status":"closed","sticky":false,"template":"","format":"standard","meta":{"footnotes":""},"categories":[1],"tags":[],"class_list":["post-2453","post","type-post","status-publish","format-standard","has-post-thumbnail","hentry","category-cronica"],"_links":{"self":[{"href":"https:\/\/www.radiopresidenteibanez.cl\/web\/wp-json\/wp\/v2\/posts\/2453","targetHints":{"allow":["GET"]}}],"collection":[{"href":"https:\/\/www.radiopresidenteibanez.cl\/web\/wp-json\/wp\/v2\/posts"}],"about":[{"href":"https:\/\/www.radiopresidenteibanez.cl\/web\/wp-json\/wp\/v2\/types\/post"}],"author":[{"embeddable":true,"href":"https:\/\/www.radiopresidenteibanez.cl\/web\/wp-json\/wp\/v2\/users\/2"}],"replies":[{"embeddable":true,"href":"https:\/\/www.radiopresidenteibanez.cl\/web\/wp-json\/wp\/v2\/comments?post=2453"}],"version-history":[{"count":0,"href":"https:\/\/www.radiopresidenteibanez.cl\/web\/wp-json\/wp\/v2\/posts\/2453\/revisions"}],"wp:featuredmedia":[{"embeddable":true,"href":"https:\/\/www.radiopresidenteibanez.cl\/web\/wp-json\/wp\/v2\/media\/2454"}],"wp:attachment":[{"href":"https:\/\/www.radiopresidenteibanez.cl\/web\/wp-json\/wp\/v2\/media?parent=2453"}],"wp:term":[{"taxonomy":"category","embeddable":true,"href":"https:\/\/www.radiopresidenteibanez.cl\/web\/wp-json\/wp\/v2\/categories?post=2453"},{"taxonomy":"post_tag","embeddable":true,"href":"https:\/\/www.radiopresidenteibanez.cl\/web\/wp-json\/wp\/v2\/tags?post=2453"}],"curies":[{"name":"wp","href":"https:\/\/api.w.org\/{rel}","templated":true}]}}