{"id":24528,"date":"2021-10-07T17:32:00","date_gmt":"2021-10-07T20:32:00","guid":{"rendered":"https:\/\/www.radiopresidenteibanez.cl\/web\/?p=24528"},"modified":"2021-10-07T15:55:12","modified_gmt":"2021-10-07T18:55:12","slug":"fide-xii-recibira-72-millones-de-pesos-por-parte-del-gobierno-regional-para-el-financiamiento-de-la-casa-sel-samaritano","status":"publish","type":"post","link":"https:\/\/www.radiopresidenteibanez.cl\/web\/fide-xii-recibira-72-millones-de-pesos-por-parte-del-gobierno-regional-para-el-financiamiento-de-la-casa-sel-samaritano\/","title":{"rendered":"FIDE XII RECIBIR\u00c1 72 MILLONES DE PESOS POR PARTE DEL GOBIERNO REGIONAL PARA EL FINANCIAMIENTO DE LA CASA SEL SAMARITANO"},"content":{"rendered":"\n<p>En\nla jornada de este mi\u00e9rcoles 06 de octubre, la Fundaci\u00f3n para el Desarrollo de\nMagallanes, Fide XII, recibi\u00f3 en la Casa del Samaritano al Gobernador Regional,\nJorge Flies, ofreci\u00e9ndole una visita guiada al recinto, junto al Obispo\nBernardo Bastres, miembro del directorio de la fundaci\u00f3n; para darle a conocer\nin situ, los avances y remodelaci\u00f3n del lugar. En la\ninstancia, el Gobernador anunci\u00f3 la donaci\u00f3n de 72 millones de pesos por medio\ndel Fondo Nacional de Desarrollo Regional (FNDR). Esta considerable suma\nasegura el funcionamiento del hogar por cerca de 4 meses y da cierta\ntranquilidad a la residencia para adultos mayores que constantemente est\u00e1\nbuscando formas de financiamiento.<\/p>\n\n\n\n<p>La autoridad se\u00f1al\u00f3\nque: \u201cEn cuanto asumimos como Gobierno Regional se nos manifest\u00f3 la necesidad\nque hab\u00eda en la operaci\u00f3n de este centro. El poder estar atendiendo con\npersonal e implementaci\u00f3n a personas que est\u00e1n con distintos grados de\nvalencia. Tenemos inclusive personas postradas en estas dependencias. Quiero\nfelicitar al Obispo, a la Di\u00f3cesis y a Fide XII por haber tomado esta decisi\u00f3n\nde hacerse cargo de una necesidad tan sentida ac\u00e1 en la regi\u00f3n de Magallanes\u201d y\nagreg\u00f3 que \u201cvan a contar con el apoyo de este Gobierno Regional. Hoy d\u00eda\nestamos llegando, les estamos comunicando este primer esfuerzo que hacemos como\nGobierno Regional, en conjunto con el Consejo Regional, de poder cooperar con\nla operaci\u00f3n de este centro. Esperamos que m\u00e1s adelante organismos del Estado\npuedan sumarse al esfuerzo\u201d. <\/p>\n\n\n\n<p>En la actividad tambi\u00e9n\nparticiparon Trinidad Espa\u00f1a, Coordinadora de Proyectos Sociales de Fide XII y &nbsp;la Directora de la Casa del Samaritano,\nMarielin Saravia; adem\u00e1s de la Jefa de Divisi\u00f3n de Desarrollo Social y Humano\ndel Gobierno Regional, Paola Fern\u00e1ndez, quien acompa\u00f1\u00f3 a Jorge Flies en el\nevento.<\/p>\n\n\n\n<p>Sobre el\nfinanciamiento, Trinidad Espa\u00f1a se\u00f1al\u00f3 que \u201cnosotros estamos muy agradecidos\ndel Gobierno Regional, presentamos un proyecto y fuimos beneficiados por 4\nmeses para que podamos solventar sueldos del personal y un tanto de\nalimentaci\u00f3n y de art\u00edculos de aseo personal. Esto nos da un respiro, pero\nseguimos viendo la posibilidad de que el Estado nos siga ayudando a trav\u00e9s de\notras entidades como SENAMA, como FONASA, donde tambi\u00e9n estamos postulando a\nfondos. Hacemos un llamado a la comunidad y le agradecemos por haber confiado\nen esta obra magall\u00e1nica, en la Casa del Samaritano, donde nosotros como\nFundaci\u00f3n Fide XII, desde el mes de febrero, de manera muy humilde y sin ning\u00fan\npeso en el bolsillo, hemos sabido sacar adelante este gran proyecto\u201d.\n\nEn la misma l\u00ednea, el\nMonse\u00f1or Bernardo Bastres, junto con agradecer al Gobierno Regional, reflexion\u00f3\nque \u201ccuando nosotros asumimos la administraci\u00f3n de la Casa del Samaritano, la\nasumimos como un signo de regi\u00f3n, como un s\u00edmbolo local. Creemos que esto tiene\nque ser una expresi\u00f3n de toda la comunidad, no s\u00f3lo cristiana, sino toda la\ncomunidad magall\u00e1nica. Y eso lo hemos sentido. Durante este tiempo ha venido\nmucha gente a donarnos, ha venido a ver, ha preguntado. Y eso creo que es una\nriqueza para todos. La Casa del Samaritano es la casa de Magallanes, no es ni\nde la Iglesia Cat\u00f3lica, ni del Gobierno Regional, sino de todos\n\n\n\n<\/p>\n","protected":false},"excerpt":{"rendered":"<p>En la jornada de este mi\u00e9rcoles 06 de octubre, la Fundaci\u00f3n para el Desarrollo de Magallanes, Fide XII, recibi\u00f3 en la Casa del Samaritano al Gobernador Regional, Jorge Flies, ofreci\u00e9ndole&#8230; <a class=\"read-more\" href=\"https:\/\/www.radiopresidenteibanez.cl\/web\/fide-xii-recibira-72-millones-de-pesos-por-parte-del-gobierno-regional-para-el-financiamiento-de-la-casa-sel-samaritano\/\">Leer m\u00e1s<\/a><\/p>\n","protected":false},"author":2,"featured_media":24529,"comment_status":"closed","ping_status":"closed","sticky":false,"template":"","format":"standard","meta":{"footnotes":""},"categories":[1],"tags":[],"class_list":["post-24528","post","type-post","status-publish","format-standard","has-post-thumbnail","hentry","category-cronica"],"_links":{"self":[{"href":"https:\/\/www.radiopresidenteibanez.cl\/web\/wp-json\/wp\/v2\/posts\/24528","targetHints":{"allow":["GET"]}}],"collection":[{"href":"https:\/\/www.radiopresidenteibanez.cl\/web\/wp-json\/wp\/v2\/posts"}],"about":[{"href":"https:\/\/www.radiopresidenteibanez.cl\/web\/wp-json\/wp\/v2\/types\/post"}],"author":[{"embeddable":true,"href":"https:\/\/www.radiopresidenteibanez.cl\/web\/wp-json\/wp\/v2\/users\/2"}],"replies":[{"embeddable":true,"href":"https:\/\/www.radiopresidenteibanez.cl\/web\/wp-json\/wp\/v2\/comments?post=24528"}],"version-history":[{"count":0,"href":"https:\/\/www.radiopresidenteibanez.cl\/web\/wp-json\/wp\/v2\/posts\/24528\/revisions"}],"wp:featuredmedia":[{"embeddable":true,"href":"https:\/\/www.radiopresidenteibanez.cl\/web\/wp-json\/wp\/v2\/media\/24529"}],"wp:attachment":[{"href":"https:\/\/www.radiopresidenteibanez.cl\/web\/wp-json\/wp\/v2\/media?parent=24528"}],"wp:term":[{"taxonomy":"category","embeddable":true,"href":"https:\/\/www.radiopresidenteibanez.cl\/web\/wp-json\/wp\/v2\/categories?post=24528"},{"taxonomy":"post_tag","embeddable":true,"href":"https:\/\/www.radiopresidenteibanez.cl\/web\/wp-json\/wp\/v2\/tags?post=24528"}],"curies":[{"name":"wp","href":"https:\/\/api.w.org\/{rel}","templated":true}]}}