{"id":24523,"date":"2021-10-07T15:40:45","date_gmt":"2021-10-07T18:40:45","guid":{"rendered":"https:\/\/www.radiopresidenteibanez.cl\/web\/?p=24523"},"modified":"2021-10-07T15:40:51","modified_gmt":"2021-10-07T18:40:51","slug":"cpc-magallanes-junto-a-gremios-regionales-y-sectoriales-analizaron-propuestas-para-desarrollo-sostenible","status":"publish","type":"post","link":"https:\/\/www.radiopresidenteibanez.cl\/web\/cpc-magallanes-junto-a-gremios-regionales-y-sectoriales-analizaron-propuestas-para-desarrollo-sostenible\/","title":{"rendered":"CPC MAGALLANES JUNTO A GREMIOS REGIONALES Y SECTORIALES ANALIZARON PROPUESTAS PARA DESARROLLO SOSTENIBLE"},"content":{"rendered":"\n<p>Emprendedores, empresas micro, peque\u00f1as, medianas, grandes y de regiones, se reunieron en in\u00e9dita jornada de trabajo para compartir visi\u00f3n y elaborar propuestas comunes para avanzar en crecimiento inclusivo, inversi\u00f3n, generaci\u00f3n de empleo de calidad y desarrollo sostenible.<\/p>\n\n\n\n<p>El material ser\u00e1 puesto a disposici\u00f3n de candidatos presidenciales, la Convenci\u00f3n Constitucional y el pa\u00eds en general.<\/p>\n\n\n\n<p>\u201cTenemos la convicci\u00f3n que es nuestra responsabilidad contribuir al encuentro y al di\u00e1logo entre los distintos actores sociales para escuchar, aportar nuestras miradas e impulsar acuerdos que contribuyan al bien com\u00fan, de manera de alcanzar un desarrollo integral y sostenible. Y para esto nos hemos reunido hoy: para compartir visi\u00f3n y elaborar propuestas comunes para avanzar en crecimiento inclusivo, inversi\u00f3n y generaci\u00f3n de empleo de calidad\u201d.&nbsp; Con estas palabras, el presidente de la CPC, Juan Sutil, explic\u00f3 el prop\u00f3sito del encuentro que reuni\u00f3 a 37 gremios empresariales durante una jornada de trabajo en el edificio corporativo de la C.Ch.C., en la capital del pa\u00eds.<\/p>\n\n\n\n<p>El presidente de la Asociaci\u00f3n de Emprendedores de Chile (Asech), Marcos Rivas, agradeci\u00f3 a la CPC la organizaci\u00f3n de esta iniciativa, que naci\u00f3 conjuntamente de ambos gremios, sum\u00e1ndose los representantes de la peque\u00f1a empresa, diversos gremios sectoriales y regionales de todo Chile.&nbsp; \u201cEste es un d\u00eda importante porque por primera vez, desde los emprendedores y la microempresa, hasta las grandes empresas, se han juntado para dar una se\u00f1al potente al pa\u00eds, que tiene relaci\u00f3n con que vamos a ponernos de acuerdo para dise\u00f1ar una hoja de ruta con puntos comunes para que este pa\u00eds logre el desarrollo\u201d.<\/p>\n\n\n\n<p>Asimismo, el presidente de SOFOFA, Richard von Appen, enfatiz\u00f3 en que el sector empresarial no puede restarse de los desaf\u00edos actuales que tiene el pa\u00eds. \u201cAqu\u00ed hay una gran cantidad de informaci\u00f3n, trabajo, y que ha levantado inquietudes de distintas personas a lo largo de Chile. Lo importante es que nosotros ahora tenemos que contribuir, porque la voz del sector empresarial es muy relevante, especialmente con los desaf\u00edos que tenemos a futuro\u201d.<\/p>\n\n\n\n<p>En la misma l\u00ednea, el gerente general de CPC Magallanes, Eduardo Yaksic, se\u00f1al\u00f3 que \u201ces fundamental que el sector privado participe activamente en la discusi\u00f3n de los distintos temas para construir el futuro de nuestro pa\u00eds en conjunto, y sobre todo desde las regiones, las que deben ir ganando espacios y protagonismo en el contexto nacional\u201d, agregando \u201cEl extremo austral del pa\u00eds, por su condici\u00f3n geopol\u00edtica, clim\u00e1tica y de desarrollo, entre otros factores, no puede estar ausente cuando se conversan los grandes temas pa\u00eds; por ello agradezco y valoro la invitaci\u00f3n de CPC a participar en esta instancia y de las que, en la misma l\u00ednea, vendr\u00e1n a futuro\u201d.<\/p>\n\n\n\n<p>Durante la jornada de trabajo, los participantes analizaron y priorizaron las propuestas que los mismos gremios hab\u00edan enviado d\u00edas antes a la CPC, quien las agrup\u00f3 y consolid\u00f3 en ocho ejes tem\u00e1ticos: empleo, formaci\u00f3n para el trabajo, seguridad social, medioambiente y cambio clim\u00e1tico, inversi\u00f3n, descentralizaci\u00f3n, modernizaci\u00f3n de Estado y otros temas.&nbsp; En torno a ellas, los gremios continuar\u00e1n trabajando las pr\u00f3ximas semanas, de manera de consensuar un documento final que ser\u00e1 presentado a los candidatos presidenciales.<\/p>\n","protected":false},"excerpt":{"rendered":"<p>Emprendedores, empresas micro, peque\u00f1as, medianas, grandes y de regiones, se reunieron en in\u00e9dita jornada de trabajo para compartir visi\u00f3n y elaborar propuestas comunes para avanzar en crecimiento inclusivo, inversi\u00f3n, generaci\u00f3n&#8230; <a class=\"read-more\" href=\"https:\/\/www.radiopresidenteibanez.cl\/web\/cpc-magallanes-junto-a-gremios-regionales-y-sectoriales-analizaron-propuestas-para-desarrollo-sostenible\/\">Leer m\u00e1s<\/a><\/p>\n","protected":false},"author":2,"featured_media":24059,"comment_status":"closed","ping_status":"closed","sticky":false,"template":"","format":"standard","meta":{"footnotes":""},"categories":[1],"tags":[],"class_list":["post-24523","post","type-post","status-publish","format-standard","has-post-thumbnail","hentry","category-cronica"],"_links":{"self":[{"href":"https:\/\/www.radiopresidenteibanez.cl\/web\/wp-json\/wp\/v2\/posts\/24523","targetHints":{"allow":["GET"]}}],"collection":[{"href":"https:\/\/www.radiopresidenteibanez.cl\/web\/wp-json\/wp\/v2\/posts"}],"about":[{"href":"https:\/\/www.radiopresidenteibanez.cl\/web\/wp-json\/wp\/v2\/types\/post"}],"author":[{"embeddable":true,"href":"https:\/\/www.radiopresidenteibanez.cl\/web\/wp-json\/wp\/v2\/users\/2"}],"replies":[{"embeddable":true,"href":"https:\/\/www.radiopresidenteibanez.cl\/web\/wp-json\/wp\/v2\/comments?post=24523"}],"version-history":[{"count":0,"href":"https:\/\/www.radiopresidenteibanez.cl\/web\/wp-json\/wp\/v2\/posts\/24523\/revisions"}],"wp:featuredmedia":[{"embeddable":true,"href":"https:\/\/www.radiopresidenteibanez.cl\/web\/wp-json\/wp\/v2\/media\/24059"}],"wp:attachment":[{"href":"https:\/\/www.radiopresidenteibanez.cl\/web\/wp-json\/wp\/v2\/media?parent=24523"}],"wp:term":[{"taxonomy":"category","embeddable":true,"href":"https:\/\/www.radiopresidenteibanez.cl\/web\/wp-json\/wp\/v2\/categories?post=24523"},{"taxonomy":"post_tag","embeddable":true,"href":"https:\/\/www.radiopresidenteibanez.cl\/web\/wp-json\/wp\/v2\/tags?post=24523"}],"curies":[{"name":"wp","href":"https:\/\/api.w.org\/{rel}","templated":true}]}}