{"id":2451,"date":"2019-03-20T23:03:37","date_gmt":"2019-03-20T23:03:37","guid":{"rendered":"http:\/\/www.radiopresidenteibanez.cl\/web\/?p=2451"},"modified":"2019-03-20T23:03:51","modified_gmt":"2019-03-20T23:03:51","slug":"trabajadores-de-edelmag-sufren-agresion-cuando-realizaban-trabajos-en-el-sector-alto-de-punta-arenas","status":"publish","type":"post","link":"https:\/\/www.radiopresidenteibanez.cl\/web\/trabajadores-de-edelmag-sufren-agresion-cuando-realizaban-trabajos-en-el-sector-alto-de-punta-arenas\/","title":{"rendered":"TRABAJADORES DE EDELMAG SUFREN AGRESI\u00d3N CUANDO REALIZABAN TRABAJOS EN EL SECTOR ALTO DE PUNTA ARENAS"},"content":{"rendered":"\n<p>Esta tarde una brigada de EDELMAG y de empresas contratistas fueron objeto de agresiones, en momento que se dispon\u00edan a desconectar del sistema de distribuci\u00f3n una instalaci\u00f3n ilegal en el sector de Enrique Abello a la atura de Villa Pudeto.<\/p>\n\n\n\n<p>Afortunadamente esta situaci\u00f3n no tuvo consecuencias en la integridad de los trabajadores, quienes se retiraron del lugar, sin poder realizar la desconexi\u00f3n de dicha instalaci\u00f3n ilegal.<\/p>\n\n\n\n<p>Estas conexiones irregulares implican serios riesgos para las personas, quienes se exponen a riesgos de electrocuci\u00f3n, adem\u00e1s de la ocurrencia de incendios, al no contar con los equipos de protecci\u00f3n correspondientes.\u00a0<\/p>\n\n\n\n<p>Adem\u00e1s, generan perturbaciones y\u00a0sobrecargas en el sistema el\u00e9ctrico que perjudican la continuidad y calidad del\u00a0suministro el\u00e9ctrico a\u00a0nuestros\u00a0clientes del sector, llegando incluso a tener interrupciones que los afectan, en especial en las horas de mayor demanda.<\/p>\n\n\n\n<p>EDELMAG reitera su compromiso de mantener el suministro de energ\u00eda el\u00e9ctrica a sus clientes, y\u00a0realizar\u00e1 todas las acciones necesarias para evitar conexiones ilegales en sus\u00a0instalaciones de\u00a0distribuci\u00f3n.<\/p>\n\n\n\n<figure class=\"wp-block-image\"><img loading=\"lazy\" decoding=\"async\" width=\"900\" height=\"675\" src=\"http:\/\/www.radiopresidenteibanez.cl\/web\/wp-content\/uploads\/2019\/01\/EDELMAG7.jpg\" alt=\"\" class=\"wp-image-714\" srcset=\"https:\/\/www.radiopresidenteibanez.cl\/web\/wp-content\/uploads\/2019\/01\/EDELMAG7.jpg 900w, https:\/\/www.radiopresidenteibanez.cl\/web\/wp-content\/uploads\/2019\/01\/EDELMAG7-300x225.jpg 300w, https:\/\/www.radiopresidenteibanez.cl\/web\/wp-content\/uploads\/2019\/01\/EDELMAG7-768x576.jpg 768w\" sizes=\"auto, (max-width: 900px) 100vw, 900px\" \/><\/figure>\n","protected":false},"excerpt":{"rendered":"<p>Esta tarde una brigada de EDELMAG y de empresas contratistas fueron objeto de agresiones, en momento que se dispon\u00edan a desconectar del sistema de distribuci\u00f3n una instalaci\u00f3n ilegal en el&#8230; <a class=\"read-more\" href=\"https:\/\/www.radiopresidenteibanez.cl\/web\/trabajadores-de-edelmag-sufren-agresion-cuando-realizaban-trabajos-en-el-sector-alto-de-punta-arenas\/\">Leer m\u00e1s<\/a><\/p>\n","protected":false},"author":2,"featured_media":714,"comment_status":"closed","ping_status":"closed","sticky":false,"template":"","format":"standard","meta":{"footnotes":""},"categories":[1],"tags":[],"class_list":["post-2451","post","type-post","status-publish","format-standard","has-post-thumbnail","hentry","category-cronica"],"_links":{"self":[{"href":"https:\/\/www.radiopresidenteibanez.cl\/web\/wp-json\/wp\/v2\/posts\/2451","targetHints":{"allow":["GET"]}}],"collection":[{"href":"https:\/\/www.radiopresidenteibanez.cl\/web\/wp-json\/wp\/v2\/posts"}],"about":[{"href":"https:\/\/www.radiopresidenteibanez.cl\/web\/wp-json\/wp\/v2\/types\/post"}],"author":[{"embeddable":true,"href":"https:\/\/www.radiopresidenteibanez.cl\/web\/wp-json\/wp\/v2\/users\/2"}],"replies":[{"embeddable":true,"href":"https:\/\/www.radiopresidenteibanez.cl\/web\/wp-json\/wp\/v2\/comments?post=2451"}],"version-history":[{"count":0,"href":"https:\/\/www.radiopresidenteibanez.cl\/web\/wp-json\/wp\/v2\/posts\/2451\/revisions"}],"wp:featuredmedia":[{"embeddable":true,"href":"https:\/\/www.radiopresidenteibanez.cl\/web\/wp-json\/wp\/v2\/media\/714"}],"wp:attachment":[{"href":"https:\/\/www.radiopresidenteibanez.cl\/web\/wp-json\/wp\/v2\/media?parent=2451"}],"wp:term":[{"taxonomy":"category","embeddable":true,"href":"https:\/\/www.radiopresidenteibanez.cl\/web\/wp-json\/wp\/v2\/categories?post=2451"},{"taxonomy":"post_tag","embeddable":true,"href":"https:\/\/www.radiopresidenteibanez.cl\/web\/wp-json\/wp\/v2\/tags?post=2451"}],"curies":[{"name":"wp","href":"https:\/\/api.w.org\/{rel}","templated":true}]}}