{"id":2448,"date":"2019-03-20T15:14:43","date_gmt":"2019-03-20T15:14:43","guid":{"rendered":"http:\/\/www.radiopresidenteibanez.cl\/web\/?p=2448"},"modified":"2019-03-20T15:14:56","modified_gmt":"2019-03-20T15:14:56","slug":"seremi-de-medio-ambiente-entrego-detalles-de-la-actividades-realizada-en-puerto-natales-asi-tambien-lo-que-sera-la-hora-del-planeta","status":"publish","type":"post","link":"https:\/\/www.radiopresidenteibanez.cl\/web\/seremi-de-medio-ambiente-entrego-detalles-de-la-actividades-realizada-en-puerto-natales-asi-tambien-lo-que-sera-la-hora-del-planeta\/","title":{"rendered":"SEREMI DE MEDIO AMBIENTE ENTREG\u00d3 DETALLES DE LA ACTIVIDADES REALIZADA EN PUERTO NATALES, AS\u00cd TAMBI\u00c9N LO QUE SER\u00c1 LA HORA DEL PLANETA"},"content":{"rendered":"\n<p>Eduardo Schiappacasse, Seremi de Medio Ambiente, explic\u00f3 en el programa \u00abQue Tarde, Esta Tarde\u00bb sobre la visita realizada a Puerto Natales, as\u00ed tambi\u00e9n lo que ser\u00e1 la actividad de la Hora del Planeta el s\u00e1bado 30 de marzo. Link del programa.<\/p>\n\n\n\n<figure class=\"wp-block-embed-facebook wp-block-embed is-type-video is-provider-facebook\"><div class=\"wp-block-embed__wrapper\">\nhttps:\/\/www.facebook.com\/287588041574\/videos\/615169848953664\/\n<\/div><\/figure>\n\n\n\n<figure class=\"wp-block-image\"><img loading=\"lazy\" decoding=\"async\" width=\"1024\" height=\"506\" src=\"https:\/\/www.radiopresidenteibanez.cl\/web\/wp-content\/uploads\/2019\/03\/medio-ambiente-1024x506.jpg\" alt=\"\" class=\"wp-image-2449\" srcset=\"https:\/\/www.radiopresidenteibanez.cl\/web\/wp-content\/uploads\/2019\/03\/medio-ambiente-1024x506.jpg 1024w, https:\/\/www.radiopresidenteibanez.cl\/web\/wp-content\/uploads\/2019\/03\/medio-ambiente-300x148.jpg 300w, https:\/\/www.radiopresidenteibanez.cl\/web\/wp-content\/uploads\/2019\/03\/medio-ambiente-768x380.jpg 768w, https:\/\/www.radiopresidenteibanez.cl\/web\/wp-content\/uploads\/2019\/03\/medio-ambiente.jpg 1294w\" sizes=\"auto, (max-width: 1024px) 100vw, 1024px\" \/><\/figure>\n","protected":false},"excerpt":{"rendered":"<p>Eduardo Schiappacasse, Seremi de Medio Ambiente, explic\u00f3 en el programa \u00abQue Tarde, Esta Tarde\u00bb sobre la visita realizada a Puerto Natales, as\u00ed tambi\u00e9n lo que ser\u00e1 la actividad de la&#8230; <a class=\"read-more\" href=\"https:\/\/www.radiopresidenteibanez.cl\/web\/seremi-de-medio-ambiente-entrego-detalles-de-la-actividades-realizada-en-puerto-natales-asi-tambien-lo-que-sera-la-hora-del-planeta\/\">Leer m\u00e1s<\/a><\/p>\n","protected":false},"author":2,"featured_media":2449,"comment_status":"closed","ping_status":"closed","sticky":false,"template":"","format":"standard","meta":{"footnotes":""},"categories":[1],"tags":[],"class_list":["post-2448","post","type-post","status-publish","format-standard","has-post-thumbnail","hentry","category-cronica"],"_links":{"self":[{"href":"https:\/\/www.radiopresidenteibanez.cl\/web\/wp-json\/wp\/v2\/posts\/2448","targetHints":{"allow":["GET"]}}],"collection":[{"href":"https:\/\/www.radiopresidenteibanez.cl\/web\/wp-json\/wp\/v2\/posts"}],"about":[{"href":"https:\/\/www.radiopresidenteibanez.cl\/web\/wp-json\/wp\/v2\/types\/post"}],"author":[{"embeddable":true,"href":"https:\/\/www.radiopresidenteibanez.cl\/web\/wp-json\/wp\/v2\/users\/2"}],"replies":[{"embeddable":true,"href":"https:\/\/www.radiopresidenteibanez.cl\/web\/wp-json\/wp\/v2\/comments?post=2448"}],"version-history":[{"count":0,"href":"https:\/\/www.radiopresidenteibanez.cl\/web\/wp-json\/wp\/v2\/posts\/2448\/revisions"}],"wp:featuredmedia":[{"embeddable":true,"href":"https:\/\/www.radiopresidenteibanez.cl\/web\/wp-json\/wp\/v2\/media\/2449"}],"wp:attachment":[{"href":"https:\/\/www.radiopresidenteibanez.cl\/web\/wp-json\/wp\/v2\/media?parent=2448"}],"wp:term":[{"taxonomy":"category","embeddable":true,"href":"https:\/\/www.radiopresidenteibanez.cl\/web\/wp-json\/wp\/v2\/categories?post=2448"},{"taxonomy":"post_tag","embeddable":true,"href":"https:\/\/www.radiopresidenteibanez.cl\/web\/wp-json\/wp\/v2\/tags?post=2448"}],"curies":[{"name":"wp","href":"https:\/\/api.w.org\/{rel}","templated":true}]}}