{"id":24439,"date":"2021-10-04T17:34:00","date_gmt":"2021-10-04T20:34:00","guid":{"rendered":"https:\/\/www.radiopresidenteibanez.cl\/web\/?p=24439"},"modified":"2021-10-04T16:24:10","modified_gmt":"2021-10-04T19:24:10","slug":"jovenes-candidatos-invitan-a-compartir-su-sede-electoral","status":"publish","type":"post","link":"https:\/\/www.radiopresidenteibanez.cl\/web\/jovenes-candidatos-invitan-a-compartir-su-sede-electoral\/","title":{"rendered":"J\u00d3VENES CANDIDATOS INVITAN A \u00abCOMPARTIR\u00bb SU SEDE ELECTORAL"},"content":{"rendered":"\n<p>\u00abTrabajemos\na puertas abiertas\u00bb. As\u00ed denomin\u00f3 el candidato a diputado, Jos\u00e9 Fernando\nOlivares, la invitaci\u00f3n formulada para que todas las organizaciones que lo\nrequieren puedan utilizar sin costo alguno su sede de campa\u00f1a.<\/p>\n\n\n\n<p>Las oficinas\nfueron inauguradas este s\u00e1bado en calle Boliviana 415, entre Avenida Espa\u00f1a y\nArmando Sanhueza (sector centro sur), junto a la candidata a senadora Carla\nDaniela Amthauer y a la postulante al Consejo Regional, Fabiana Edith Urrea.<\/p>\n\n\n\n<p>Los candidatos\ndel Partido de la Gente en Magallanes formularon la invitaci\u00f3n a todas las\nagrupaciones sociales, deportivas, de j\u00f3venes y\/o adultos mayores, que\nrequieran de un espacio, sin costo y sin compromisos de tipo electoral, para\naprovechar esta instancia de integraci\u00f3n.<\/p>\n\n\n\n<p>Por otro lado,\ntambi\u00e9n llamaron a acercarse a la sede a todos quienes deseen adherirse como\nvoluntarios a sus campa\u00f1as y a la del candidato presidencial Franco Parisi, o a\nquienes requieran plantear problemas, demandas o inquietudes.<\/p>\n\n\n\n<p>El horario de\natenci\u00f3n es de 10:00 a 13:00 horas y de 15:00 a 20:00 horas. Tambi\u00e9n se pueden\ncontactar&nbsp;a los correos jose.olivares@pdgchile.cl, carla.amthauer@pdgchile\no a los n\u00fameros de celular 981421310, 933683950 y 978940724.<\/p>\n","protected":false},"excerpt":{"rendered":"<p>\u00abTrabajemos a puertas abiertas\u00bb. As\u00ed denomin\u00f3 el candidato a diputado, Jos\u00e9 Fernando Olivares, la invitaci\u00f3n formulada para que todas las organizaciones que lo requieren puedan utilizar sin costo alguno su&#8230; <a class=\"read-more\" href=\"https:\/\/www.radiopresidenteibanez.cl\/web\/jovenes-candidatos-invitan-a-compartir-su-sede-electoral\/\">Leer m\u00e1s<\/a><\/p>\n","protected":false},"author":2,"featured_media":24440,"comment_status":"closed","ping_status":"closed","sticky":false,"template":"","format":"standard","meta":{"footnotes":""},"categories":[1],"tags":[],"class_list":["post-24439","post","type-post","status-publish","format-standard","has-post-thumbnail","hentry","category-cronica"],"_links":{"self":[{"href":"https:\/\/www.radiopresidenteibanez.cl\/web\/wp-json\/wp\/v2\/posts\/24439","targetHints":{"allow":["GET"]}}],"collection":[{"href":"https:\/\/www.radiopresidenteibanez.cl\/web\/wp-json\/wp\/v2\/posts"}],"about":[{"href":"https:\/\/www.radiopresidenteibanez.cl\/web\/wp-json\/wp\/v2\/types\/post"}],"author":[{"embeddable":true,"href":"https:\/\/www.radiopresidenteibanez.cl\/web\/wp-json\/wp\/v2\/users\/2"}],"replies":[{"embeddable":true,"href":"https:\/\/www.radiopresidenteibanez.cl\/web\/wp-json\/wp\/v2\/comments?post=24439"}],"version-history":[{"count":0,"href":"https:\/\/www.radiopresidenteibanez.cl\/web\/wp-json\/wp\/v2\/posts\/24439\/revisions"}],"wp:featuredmedia":[{"embeddable":true,"href":"https:\/\/www.radiopresidenteibanez.cl\/web\/wp-json\/wp\/v2\/media\/24440"}],"wp:attachment":[{"href":"https:\/\/www.radiopresidenteibanez.cl\/web\/wp-json\/wp\/v2\/media?parent=24439"}],"wp:term":[{"taxonomy":"category","embeddable":true,"href":"https:\/\/www.radiopresidenteibanez.cl\/web\/wp-json\/wp\/v2\/categories?post=24439"},{"taxonomy":"post_tag","embeddable":true,"href":"https:\/\/www.radiopresidenteibanez.cl\/web\/wp-json\/wp\/v2\/tags?post=24439"}],"curies":[{"name":"wp","href":"https:\/\/api.w.org\/{rel}","templated":true}]}}