{"id":24427,"date":"2021-10-04T09:47:00","date_gmt":"2021-10-04T12:47:00","guid":{"rendered":"https:\/\/www.radiopresidenteibanez.cl\/web\/?p=24427"},"modified":"2021-10-04T08:41:41","modified_gmt":"2021-10-04T11:41:41","slug":"concejal-francisco-leon-ponce-poner-limite-a-las-drogas-es-una-tarea-que-nos-requiere-a-todos","status":"publish","type":"post","link":"https:\/\/www.radiopresidenteibanez.cl\/web\/concejal-francisco-leon-ponce-poner-limite-a-las-drogas-es-una-tarea-que-nos-requiere-a-todos\/","title":{"rendered":"CONCEJAL FRANCISCO LEON PONCE \u201cPONER LIMITE A LAS DROGAS ES UNA TAREA QUE NOS REQUIERE A TODOS\u201d"},"content":{"rendered":"\n<p>El Concejal de Punta Arenas Francisco Le\u00f3n Ponce\nafirm\u00f3 que \u201cponer l\u00edmite a las drogas, ya sea tr\u00e1fico y\/o consumo, es una tarea\nque nos requiere a todos\u201d, reiterando lo que plante\u00f3 en la \u00faltima sesi\u00f3n\nextraordinaria del Concejo Municipal de Punta Arenas.<\/p>\n\n\n\n<p>En esa cita estuvieron presentes el Prefecto de la\nPolic\u00eda de Investigaciones, Jos\u00e9 Carrasco, el jefe de la Brigada Antinarc\u00f3tico\ny Crimen Organizado, subprefecto Patricio Flores y otros oficiales de la\ninstituci\u00f3n.<\/p>\n\n\n\n<p>El Concejal Le\u00f3n agreg\u00f3 que \u201cponer l\u00edmite a este\nflagelo de nuestra sociedad y que da\u00f1a, principalmente, a nuestros j\u00f3venes, es\nuna tarea de&nbsp; los padres, de las\nfamilias, de las autoridades, en todos sus niveles para dotar de medios\ntecnol\u00f3gicos suficientes y avanzados a las polic\u00edas; de las instituciones\npoliciales, de los tribunales, del ministerio p\u00fablico e incluso, de los\nparlamentarios ya que \u00e9stos tienen la importante misi\u00f3n de crear herramientas\nlegales para que los procedimientos investigativos sean veloces, superen a las\npoderosas bandas criminales involucradas en el tr\u00e1fico de drogas y que cierren\nlas puertas a espacios legales que favorecen a los delincuentes, como el que\nfue detenido con 3,5 millones de pesos en drogas cuando se dirig\u00eda Puerto\nNatales y qued\u00f3 &nbsp;con medidas cautelares\nm\u00ednimas\u201d .<\/p>\n\n\n\n<p>El edil agreg\u00f3 que el flagelo del tr\u00e1fico de la droga\ndej\u00f3 en segundo plano de importancia, manteniendo sus riesgos, a la marihuana,\na la coca\u00edna, pero agudizando el consumo de pasta base y, lo que es peor, los\nsolventes y las drogas sint\u00e9ticas, como las anfetaminas o el \u00e9xtasis, duras,\nadictivas en grado superlativo y mucho m\u00e1s peligrosas para la salud de los\nconsumidores, aunque todas lo son\u201d.<\/p>\n\n\n\n<p>Y como gesto de apoyo a esa\ncampa\u00f1a, que debe ser dise\u00f1ada a nivel magall\u00e1nico, por las especiales\ncaracter\u00edsticas de nuestra comunidad austral, que tome en cuenta otras acciones\nfracasadas en el pasado reciente, perfectibles por cierto, y que sean bien\ncoordinadas con la comunidad organizada a trav\u00e9s del mismo municipio de Punta\nArenas, el Concejal Francisco Le\u00f3n Ponce plante\u00f3 que los integrantes del\nConcejo Municipal&nbsp; \u201cnos sometamos\nvoluntariamente al narco test del pelo, como ejemplo y motivaci\u00f3n de nuestro\ncompromiso en la lucha contra el tr\u00e1fico y consumo de drogas\u201d.<\/p>\n","protected":false},"excerpt":{"rendered":"<p>El Concejal de Punta Arenas Francisco Le\u00f3n Ponce afirm\u00f3 que \u201cponer l\u00edmite a las drogas, ya sea tr\u00e1fico y\/o consumo, es una tarea que nos requiere a todos\u201d, reiterando lo&#8230; <a class=\"read-more\" href=\"https:\/\/www.radiopresidenteibanez.cl\/web\/concejal-francisco-leon-ponce-poner-limite-a-las-drogas-es-una-tarea-que-nos-requiere-a-todos\/\">Leer m\u00e1s<\/a><\/p>\n","protected":false},"author":2,"featured_media":24428,"comment_status":"closed","ping_status":"closed","sticky":false,"template":"","format":"standard","meta":{"footnotes":""},"categories":[1],"tags":[],"class_list":["post-24427","post","type-post","status-publish","format-standard","has-post-thumbnail","hentry","category-cronica"],"_links":{"self":[{"href":"https:\/\/www.radiopresidenteibanez.cl\/web\/wp-json\/wp\/v2\/posts\/24427","targetHints":{"allow":["GET"]}}],"collection":[{"href":"https:\/\/www.radiopresidenteibanez.cl\/web\/wp-json\/wp\/v2\/posts"}],"about":[{"href":"https:\/\/www.radiopresidenteibanez.cl\/web\/wp-json\/wp\/v2\/types\/post"}],"author":[{"embeddable":true,"href":"https:\/\/www.radiopresidenteibanez.cl\/web\/wp-json\/wp\/v2\/users\/2"}],"replies":[{"embeddable":true,"href":"https:\/\/www.radiopresidenteibanez.cl\/web\/wp-json\/wp\/v2\/comments?post=24427"}],"version-history":[{"count":0,"href":"https:\/\/www.radiopresidenteibanez.cl\/web\/wp-json\/wp\/v2\/posts\/24427\/revisions"}],"wp:featuredmedia":[{"embeddable":true,"href":"https:\/\/www.radiopresidenteibanez.cl\/web\/wp-json\/wp\/v2\/media\/24428"}],"wp:attachment":[{"href":"https:\/\/www.radiopresidenteibanez.cl\/web\/wp-json\/wp\/v2\/media?parent=24427"}],"wp:term":[{"taxonomy":"category","embeddable":true,"href":"https:\/\/www.radiopresidenteibanez.cl\/web\/wp-json\/wp\/v2\/categories?post=24427"},{"taxonomy":"post_tag","embeddable":true,"href":"https:\/\/www.radiopresidenteibanez.cl\/web\/wp-json\/wp\/v2\/tags?post=24427"}],"curies":[{"name":"wp","href":"https:\/\/api.w.org\/{rel}","templated":true}]}}