{"id":24418,"date":"2021-10-03T15:18:00","date_gmt":"2021-10-03T18:18:00","guid":{"rendered":"https:\/\/www.radiopresidenteibanez.cl\/web\/?p=24418"},"modified":"2021-10-01T23:17:21","modified_gmt":"2021-10-02T02:17:21","slug":"jovenes-y-sector-salud-realizaron-actividad-en-terreno-en-la-semana-para-la-prevencion-del-embarazo-adolescente","status":"publish","type":"post","link":"https:\/\/www.radiopresidenteibanez.cl\/web\/jovenes-y-sector-salud-realizaron-actividad-en-terreno-en-la-semana-para-la-prevencion-del-embarazo-adolescente\/","title":{"rendered":"JOVENES Y SECTOR SALUD REALIZARON ACTIVIDAD EN TERRENO EN LA SEMANA PARA LA PREVENCION DEL EMBARAZO ADOLESCENTE"},"content":{"rendered":"\n<p>Equipos del CESFAM Dr. Juan Lozic P\u00e9rez,\nla SEREMI de Salud, Cuadrilla Sanitaria y representantes de los consejos asesores\nde Salud Joven de Puerto Natales y Punta Arenas, se unieron para conmemorar la\nsemana andina de la prevenci\u00f3n del embarazo adolescente en la capital\nprovincial de \u00daltima Esperanza. <\/p>\n\n\n\n<p>En el centro de Puerto Natales se\ndesarroll\u00f3 este trabajo de conversaci\u00f3n juvenil, el que con apoyo de volantes y\ntr\u00edpticos elaborados por los propios j\u00f3venes, permiti\u00f3 difundir antecedentes b\u00e1sicos\nsobre la disminuci\u00f3n del embarazo adolescente en la regi\u00f3n. En la ocasi\u00f3n se\nentregaron mensajes preventivos y se inform\u00f3 de la clara tendencia a la baja, con\nuna tasa de fecundidad de 52,3 en el tramo 15 a19 a\u00f1os el 2008, mientras que el\n2018 se registr\u00f3 una tasa de 17,2.<\/p>\n\n\n\n<p>Variadas opiniones frente a esta realidad\nde disminuci\u00f3n de embarazo adolescente, dada por un contexto con mayor acceso a\nm\u00e9todos anticonceptivos y de barrera, el empoderamiento juvenil frente a la\nconducta sexual segura, el deseo de avanzar en proyectos personales, etc.,\nacompa\u00f1aron la educaci\u00f3n y entrega de preservativos masculinos y femeninos y el\nlogro de muchas firmas de apoyo a la actividad.<\/p>\n\n\n\n<p>La encargada del programa de Salud\nJoven de la SEREMI, Susana Otey, explic\u00f3: \u201cResult\u00f3 interesante lo que sucedi\u00f3 para\nla conmemoraci\u00f3n del hito de la semana andina por la prevenci\u00f3n del Embarazo Adolescente,\nya que, en conjunto con los consejos consultivos juveniles de Natales y Punta\nArenas, m\u00e1s el CESFAM Juan Lozic y su Programa Salud Joven, vimos la importancia\nde dise\u00f1ar diversas acciones conjuntas 2021-2022 con sede en las diversas\ncapitales provinciales. Comenzamos por Puerto Natales, la idea es que el dialogo\nentre pares y las realidades comunales, nos muestren la importancia de instalar\nestas pr\u00e1cticas descentralizadas.&nbsp; As\u00ed\ntambi\u00e9n, se sum\u00f3 a esta acci\u00f3n, la cuadrilla sanitaria COVID de Puerto Natales,\nconformada por j\u00f3venes, para igualmente apoyar a su comuna\u201d. <\/p>\n\n\n\n<p>El stand fijo del CESFAM Dr. Juan Lozic\nP\u00e9rez, funcion\u00f3 en calle Baquedano con Bulnes, donde el Psic\u00f3logo V\u00edctor Aviles\ny la Matrona Homayra Retamales junto a j\u00f3venes de la cuadrilla sanitaria COVID-19\nde la comuna, respondieron las consultas de grupos familiares y transe\u00fantes, lo\nque se uni\u00f3 al nutrido recorrido de los\/as consejeros\/as de salud joven de\nPuerto Natales y Punta Arenas, por los lugares neur\u00e1lgicos de la ciudad, donde\nse apreciaron los espacios de di\u00e1logo, en torno a la educaci\u00f3n y concientizaci\u00f3n<\/p>\n\n\n\n<p>sobre la prevenci\u00f3n del embarazo\nadolescente y por otra parte, la difusi\u00f3n de los espacios amigables de salud\nsexual, ubicados en cada CESFAM de la Regi\u00f3n, que atienden posterior a las\n17.00 horas y que buscan entre otros temas, la prevenci\u00f3n del embarazo y la\nconducta sexual segura en poblaci\u00f3n adolescente. <\/p>\n\n\n\n<p>A partir del a\u00f1o 2020, OPS\/OMS y el\nFondo de Poblaci\u00f3n de las Naciones Unidas (UNFPA), instauran la Semana de\nPrevenci\u00f3n del Embarazo en la Adolescencia en Am\u00e9rica Latina, que se conmemora\nanualmente durante la \u00faltima semana de septiembre. Esta iniciativa se suma a\niniciativas existentes, a las de otras regiones del pa\u00eds en conjunto con el MINSAL,\ny los diversos consultivos juveniles activos en el pa\u00eds. &nbsp;<\/p>\n","protected":false},"excerpt":{"rendered":"<p>Equipos del CESFAM Dr. Juan Lozic P\u00e9rez, la SEREMI de Salud, Cuadrilla Sanitaria y representantes de los consejos asesores de Salud Joven de Puerto Natales y Punta Arenas, se unieron&#8230; <a class=\"read-more\" href=\"https:\/\/www.radiopresidenteibanez.cl\/web\/jovenes-y-sector-salud-realizaron-actividad-en-terreno-en-la-semana-para-la-prevencion-del-embarazo-adolescente\/\">Leer m\u00e1s<\/a><\/p>\n","protected":false},"author":2,"featured_media":24419,"comment_status":"closed","ping_status":"closed","sticky":false,"template":"","format":"standard","meta":{"footnotes":""},"categories":[1],"tags":[],"class_list":["post-24418","post","type-post","status-publish","format-standard","has-post-thumbnail","hentry","category-cronica"],"_links":{"self":[{"href":"https:\/\/www.radiopresidenteibanez.cl\/web\/wp-json\/wp\/v2\/posts\/24418","targetHints":{"allow":["GET"]}}],"collection":[{"href":"https:\/\/www.radiopresidenteibanez.cl\/web\/wp-json\/wp\/v2\/posts"}],"about":[{"href":"https:\/\/www.radiopresidenteibanez.cl\/web\/wp-json\/wp\/v2\/types\/post"}],"author":[{"embeddable":true,"href":"https:\/\/www.radiopresidenteibanez.cl\/web\/wp-json\/wp\/v2\/users\/2"}],"replies":[{"embeddable":true,"href":"https:\/\/www.radiopresidenteibanez.cl\/web\/wp-json\/wp\/v2\/comments?post=24418"}],"version-history":[{"count":0,"href":"https:\/\/www.radiopresidenteibanez.cl\/web\/wp-json\/wp\/v2\/posts\/24418\/revisions"}],"wp:featuredmedia":[{"embeddable":true,"href":"https:\/\/www.radiopresidenteibanez.cl\/web\/wp-json\/wp\/v2\/media\/24419"}],"wp:attachment":[{"href":"https:\/\/www.radiopresidenteibanez.cl\/web\/wp-json\/wp\/v2\/media?parent=24418"}],"wp:term":[{"taxonomy":"category","embeddable":true,"href":"https:\/\/www.radiopresidenteibanez.cl\/web\/wp-json\/wp\/v2\/categories?post=24418"},{"taxonomy":"post_tag","embeddable":true,"href":"https:\/\/www.radiopresidenteibanez.cl\/web\/wp-json\/wp\/v2\/tags?post=24418"}],"curies":[{"name":"wp","href":"https:\/\/api.w.org\/{rel}","templated":true}]}}