{"id":2439,"date":"2019-03-20T14:58:31","date_gmt":"2019-03-20T14:58:31","guid":{"rendered":"http:\/\/www.radiopresidenteibanez.cl\/web\/?p=2439"},"modified":"2019-03-20T14:59:00","modified_gmt":"2019-03-20T14:59:00","slug":"natalia-easton-seremi-de-economia-en-opinion-publica-junto-a-daniel-miranda","status":"publish","type":"post","link":"https:\/\/www.radiopresidenteibanez.cl\/web\/natalia-easton-seremi-de-economia-en-opinion-publica-junto-a-daniel-miranda\/","title":{"rendered":"NATALIA EASTON SEREMI DE ECONOM\u00cdA EN OPINI\u00d3N P\u00daBLICA JUNTO A DANIEL MIRANDA"},"content":{"rendered":"\n<p>Natalia Easton en Opini\u00f3n P\u00fablica, le dejamos el link:<\/p>\n\n\n\n<figure class=\"wp-block-embed-facebook wp-block-embed is-type-video is-provider-facebook\"><div class=\"wp-block-embed__wrapper\">\nhttps:\/\/www.facebook.com\/287588041574\/videos\/645743409219051\/\n<\/div><\/figure>\n\n\n\n<figure class=\"wp-block-image\"><img loading=\"lazy\" decoding=\"async\" width=\"1024\" height=\"768\" src=\"https:\/\/www.radiopresidenteibanez.cl\/web\/wp-content\/uploads\/2019\/03\/IMG-20190320-WA0000-1024x768.jpg\" alt=\"\" class=\"wp-image-2440\" srcset=\"https:\/\/www.radiopresidenteibanez.cl\/web\/wp-content\/uploads\/2019\/03\/IMG-20190320-WA0000-1024x768.jpg 1024w, https:\/\/www.radiopresidenteibanez.cl\/web\/wp-content\/uploads\/2019\/03\/IMG-20190320-WA0000-300x225.jpg 300w, https:\/\/www.radiopresidenteibanez.cl\/web\/wp-content\/uploads\/2019\/03\/IMG-20190320-WA0000-768x576.jpg 768w, https:\/\/www.radiopresidenteibanez.cl\/web\/wp-content\/uploads\/2019\/03\/IMG-20190320-WA0000.jpg 1032w\" sizes=\"auto, (max-width: 1024px) 100vw, 1024px\" \/><\/figure>\n","protected":false},"excerpt":{"rendered":"<p>Natalia Easton en Opini\u00f3n P\u00fablica, le dejamos el link:<\/p>\n","protected":false},"author":2,"featured_media":2440,"comment_status":"closed","ping_status":"closed","sticky":false,"template":"","format":"standard","meta":{"footnotes":""},"categories":[1],"tags":[],"class_list":["post-2439","post","type-post","status-publish","format-standard","has-post-thumbnail","hentry","category-cronica"],"_links":{"self":[{"href":"https:\/\/www.radiopresidenteibanez.cl\/web\/wp-json\/wp\/v2\/posts\/2439","targetHints":{"allow":["GET"]}}],"collection":[{"href":"https:\/\/www.radiopresidenteibanez.cl\/web\/wp-json\/wp\/v2\/posts"}],"about":[{"href":"https:\/\/www.radiopresidenteibanez.cl\/web\/wp-json\/wp\/v2\/types\/post"}],"author":[{"embeddable":true,"href":"https:\/\/www.radiopresidenteibanez.cl\/web\/wp-json\/wp\/v2\/users\/2"}],"replies":[{"embeddable":true,"href":"https:\/\/www.radiopresidenteibanez.cl\/web\/wp-json\/wp\/v2\/comments?post=2439"}],"version-history":[{"count":0,"href":"https:\/\/www.radiopresidenteibanez.cl\/web\/wp-json\/wp\/v2\/posts\/2439\/revisions"}],"wp:featuredmedia":[{"embeddable":true,"href":"https:\/\/www.radiopresidenteibanez.cl\/web\/wp-json\/wp\/v2\/media\/2440"}],"wp:attachment":[{"href":"https:\/\/www.radiopresidenteibanez.cl\/web\/wp-json\/wp\/v2\/media?parent=2439"}],"wp:term":[{"taxonomy":"category","embeddable":true,"href":"https:\/\/www.radiopresidenteibanez.cl\/web\/wp-json\/wp\/v2\/categories?post=2439"},{"taxonomy":"post_tag","embeddable":true,"href":"https:\/\/www.radiopresidenteibanez.cl\/web\/wp-json\/wp\/v2\/tags?post=2439"}],"curies":[{"name":"wp","href":"https:\/\/api.w.org\/{rel}","templated":true}]}}