{"id":24375,"date":"2021-10-01T12:58:00","date_gmt":"2021-10-01T15:58:00","guid":{"rendered":"https:\/\/www.radiopresidenteibanez.cl\/web\/?p=24375"},"modified":"2021-10-01T11:00:54","modified_gmt":"2021-10-01T14:00:54","slug":"abierto-concurso-nacional-de-proyectos-de-investigacion-cientifica-y-tecnologica-antartica","status":"publish","type":"post","link":"https:\/\/www.radiopresidenteibanez.cl\/web\/abierto-concurso-nacional-de-proyectos-de-investigacion-cientifica-y-tecnologica-antartica\/","title":{"rendered":"ABIERTO CONCURSO NACIONAL DE PROYECTOS DE INVESTIGACION CIENTIFICA Y TECNOLOGICA ANTARTICA"},"content":{"rendered":"\n<p>El Instituto Ant\u00e1rtico Chileno (INACH), invita a la comunidad cient\u00edfica a presentar propuestas al Concurso Nacional de Proyectos de Investigaci\u00f3n Cient\u00edfica y Tecnol\u00f3gica Ant\u00e1rtica, en su convocatoria 2021. Este concurso financia iniciativas que deriven a nuevos conocimientos explicitados en una propuesta de terreno o gabinete.<\/p>\n\n\n\n<p>Los objetivos y actividades de este proceso deben estar asociados a una de las l\u00edneas de investigaci\u00f3n del Programa Nacional de Ciencia Ant\u00e1rtica (PROCIEN), que son: El estado del ecosistema ant\u00e1rtico; Umbrales ant\u00e1rticos: resiliencia y adaptaci\u00f3n del ecosistema; Cambio clim\u00e1tico en la Ant\u00e1rtica; Astronom\u00eda y Ciencias de la Tierra; Biotecnolog\u00eda; Huellas humanas en la Ant\u00e1rtica; y Ciencias Sociales y Humanidades.<\/p>\n\n\n\n<p>Las postulaciones est\u00e1n abiertas desde el 27 de septiembre de 2021, en tanto, las consultas se recepcionar\u00e1n hasta el 28 de octubre de 2021, a las 17:00 horas, y el cierre de la postulaci\u00f3n se har\u00e1 efectivo ese mismo d\u00eda 28 de octubre de 2021, a las 23:59 horas. Finalmente, la notificaci\u00f3n de las propuestas adjudicadas y la publicaci\u00f3n de los resultados se estima que ser\u00e1 durante el mes de abril del 2022.<\/p>\n\n\n\n<p>El director del INACH, Dr. Marcelo Leppe, agrega que \u201cla pandemia a\u00fan no ha terminado, y sabemos que son tiempos de incertidumbre, lo que s\u00ed tenemos claro como instituci\u00f3n y pa\u00eds, es que tenemos un compromiso con la Ant\u00e1rtica, la ciencia y el futuro de Chile. El Continente Blanco est\u00e1 en constante evoluci\u00f3n y esta instancia es para que entre otros aspectos investigadores e investigadoras revelen las teleconexiones entre el pr\u00edstino territorio, Chile y el mundo. Estos proyectos, as\u00ed como sus resultados son parte importante de la Pol\u00edtica Exterior de nuestro pa\u00eds\u201d.<\/p>\n\n\n\n<p>A su vez, El\u00edas Barticevic, jefe de la Secci\u00f3n de Concursos y Medio Ambiente del INACH, resalt\u00f3 una vez m\u00e1s el compromiso de la instituci\u00f3n cient\u00edfica con la ciencia nacional haciendo un esfuerzo importante para poner a disposici\u00f3n de la comunidad cient\u00edfica en formaci\u00f3n estos fondos p\u00fablicos.<\/p>\n\n\n\n<p>Cabe se\u00f1alar, que este XXVII Concurso Nacional de Proyectos de Investigaci\u00f3n Cient\u00edfica y Tecnol\u00f3gica Ant\u00e1rtica se desarrolla en el marco de un convenio con la Subsecretar\u00eda de Ciencia, Tecnolog\u00eda, Conocimiento e Innovaci\u00f3n.<\/p>\n","protected":false},"excerpt":{"rendered":"<p>El Instituto Ant\u00e1rtico Chileno (INACH), invita a la comunidad cient\u00edfica a presentar propuestas al Concurso Nacional de Proyectos de Investigaci\u00f3n Cient\u00edfica y Tecnol\u00f3gica Ant\u00e1rtica, en su convocatoria 2021. Este concurso&#8230; <a class=\"read-more\" href=\"https:\/\/www.radiopresidenteibanez.cl\/web\/abierto-concurso-nacional-de-proyectos-de-investigacion-cientifica-y-tecnologica-antartica\/\">Leer m\u00e1s<\/a><\/p>\n","protected":false},"author":2,"featured_media":24376,"comment_status":"closed","ping_status":"closed","sticky":false,"template":"","format":"standard","meta":{"footnotes":""},"categories":[1],"tags":[],"class_list":["post-24375","post","type-post","status-publish","format-standard","has-post-thumbnail","hentry","category-cronica"],"_links":{"self":[{"href":"https:\/\/www.radiopresidenteibanez.cl\/web\/wp-json\/wp\/v2\/posts\/24375","targetHints":{"allow":["GET"]}}],"collection":[{"href":"https:\/\/www.radiopresidenteibanez.cl\/web\/wp-json\/wp\/v2\/posts"}],"about":[{"href":"https:\/\/www.radiopresidenteibanez.cl\/web\/wp-json\/wp\/v2\/types\/post"}],"author":[{"embeddable":true,"href":"https:\/\/www.radiopresidenteibanez.cl\/web\/wp-json\/wp\/v2\/users\/2"}],"replies":[{"embeddable":true,"href":"https:\/\/www.radiopresidenteibanez.cl\/web\/wp-json\/wp\/v2\/comments?post=24375"}],"version-history":[{"count":0,"href":"https:\/\/www.radiopresidenteibanez.cl\/web\/wp-json\/wp\/v2\/posts\/24375\/revisions"}],"wp:featuredmedia":[{"embeddable":true,"href":"https:\/\/www.radiopresidenteibanez.cl\/web\/wp-json\/wp\/v2\/media\/24376"}],"wp:attachment":[{"href":"https:\/\/www.radiopresidenteibanez.cl\/web\/wp-json\/wp\/v2\/media?parent=24375"}],"wp:term":[{"taxonomy":"category","embeddable":true,"href":"https:\/\/www.radiopresidenteibanez.cl\/web\/wp-json\/wp\/v2\/categories?post=24375"},{"taxonomy":"post_tag","embeddable":true,"href":"https:\/\/www.radiopresidenteibanez.cl\/web\/wp-json\/wp\/v2\/tags?post=24375"}],"curies":[{"name":"wp","href":"https:\/\/api.w.org\/{rel}","templated":true}]}}