{"id":2436,"date":"2019-03-20T14:49:17","date_gmt":"2019-03-20T14:49:17","guid":{"rendered":"http:\/\/www.radiopresidenteibanez.cl\/web\/?p=2436"},"modified":"2019-03-20T14:49:55","modified_gmt":"2019-03-20T14:49:55","slug":"espacio-comunitario-la-idea-comienza-el-ano-con-diversas-actividades-culturales-de-enfoque-inclusivo","status":"publish","type":"post","link":"https:\/\/www.radiopresidenteibanez.cl\/web\/espacio-comunitario-la-idea-comienza-el-ano-con-diversas-actividades-culturales-de-enfoque-inclusivo\/","title":{"rendered":"ESPACIO COMUNITARIO LA IDEA COMIENZA EL A\u00d1O CON DIVERSAS ACTIVIDADES CULTURALES DE ENFOQUE INCLUSIVO"},"content":{"rendered":"\n<p>\n\nLa oficina parlamentaria del diputado Gabriel Boric conocida como Espacio Comunitario La Idea, tiene a disposici\u00f3n diversas actividades que buscan integrar a toda la comunidad magall\u00e1nica, especialmente a quienes viven alguna situaci\u00f3n de discapacidad.<\/p>\n\n\n\n<p>Desde Santiago llega a Punta Arenas Jessica Jerez, quien impartir\u00e1 el taller \u201cCreando mundos para y con todos\u201d. Para explicar el taller, Jesica comenta que \u201cla propuesta que yo quiero mostrar a la comunidad magall\u00e1nica es que podemos hacer inclusi\u00f3n cuando tenemos algunas consideraciones m\u00ednimas de cosas que son importantes saber: c\u00f3mo referirnos a personas en situaci\u00f3n de discapacidad, por qu\u00e9 hablamos de situaci\u00f3n de discapacidad y no hablamos de discapacitados por ejemplo, pero sobre todo a que nos pongamos en disposici\u00f3n a tener una actitud que proponga la inclusi\u00f3n, que la promueva y que finalmente genere una ciudadan\u00eda para todas y todos\u201d, detall\u00f3. Esta actividad se realizar\u00e1 el pr\u00f3ximo s\u00e1bado 30 de marzo.<\/p>\n\n\n\n<p>El mismo d\u00eda y en la misma l\u00ednea, Jessica Jerez realizar\u00e1 un Taller de Fomento Lector abierto a toda la comunidad magall\u00e1nica. Al respecto la tallerista comenta que \u201cla lectura y su desarrollo es una de las grandes falencias que tiene la poblaci\u00f3n en Chile a nivel general. Pero si eso lo miramos desde el punto de vista de personas en situaci\u00f3n de discapacidad, eso es a\u00fan mayor. Ellas en general tienen menos posibilidades de acceder a la lectura, las personas sordas y las personas ciegas a prop\u00f3sito de su condici\u00f3n\u201d, puntualiz\u00f3.<\/p>\n\n\n\n<p>Adem\u00e1s de estas actividades, el Espacio Comunitario La Idea tendr\u00e1 este viernes 22 de marzo de 15:30 a 17:30 un taller denominado Taller de Porteo Ergon\u00f3mico, dirigido a padres, madres y gestantes, impartido por Jessica Vargas.<\/p>\n\n\n\n<p>A estas iniciativas se suman el muro de escalada, las clases permanentes de Capoeira de Meus Deus de instructor Mauricio Cort\u00e9s&nbsp; los d\u00edas lunes y mi\u00e9rcoles de 19 a 21 horas dirigido a personas de todas las edades y el Preuniveristario Popular que comienza sus clases el pr\u00f3ximo lunes 25 de marzo. Todas las iniciativas del Espacio Comunitario La Idea est\u00e1n abiertas a la comunidad y son completamente gratuitas.<\/p>\n\n\n\n<p>Sobre el inicio de las actividades en el espacio, el diputado por Magallanes Gabriel Boric, se manifest\u00f3 contento y coment\u00f3 que \u201cpara nosotros es una tremenda alegr\u00eda. Desde que abrimos \u201cLa Idea\u201d en nuestro primer periodo parlamentario nos pusimos el objetivo de ponernos a disposici\u00f3n de los magall\u00e1nicos y magall\u00e1nicas, eso hemos tratado de hacer. La invitaci\u00f3n es que todos y todas se tomen este espacio\u201d, se\u00f1al\u00f3.<\/p>\n\n\n\n<p>Si la comunidad tiene dudas sobre alguna actividad puede comunicarse al 61 2 323137 o dirigirse al Espacio Comunitario La Idea ubicado en Mejicana 252, Punta Arenas.<\/p>\n\n\n\n<figure class=\"wp-block-image\"><img loading=\"lazy\" decoding=\"async\" width=\"1024\" height=\"1024\" src=\"https:\/\/www.radiopresidenteibanez.cl\/web\/wp-content\/uploads\/2019\/03\/unnamed-1024x1024.png\" alt=\"\" class=\"wp-image-2437\" srcset=\"https:\/\/www.radiopresidenteibanez.cl\/web\/wp-content\/uploads\/2019\/03\/unnamed-1024x1024.png 1024w, https:\/\/www.radiopresidenteibanez.cl\/web\/wp-content\/uploads\/2019\/03\/unnamed-150x150.png 150w, https:\/\/www.radiopresidenteibanez.cl\/web\/wp-content\/uploads\/2019\/03\/unnamed-300x300.png 300w, https:\/\/www.radiopresidenteibanez.cl\/web\/wp-content\/uploads\/2019\/03\/unnamed-768x768.png 768w, https:\/\/www.radiopresidenteibanez.cl\/web\/wp-content\/uploads\/2019\/03\/unnamed.png 1080w\" sizes=\"auto, (max-width: 1024px) 100vw, 1024px\" \/><\/figure>\n","protected":false},"excerpt":{"rendered":"<p>La oficina parlamentaria del diputado Gabriel Boric conocida como Espacio Comunitario La Idea, tiene a disposici\u00f3n diversas actividades que buscan integrar a toda la comunidad magall\u00e1nica, especialmente a quienes viven&#8230; <a class=\"read-more\" href=\"https:\/\/www.radiopresidenteibanez.cl\/web\/espacio-comunitario-la-idea-comienza-el-ano-con-diversas-actividades-culturales-de-enfoque-inclusivo\/\">Leer m\u00e1s<\/a><\/p>\n","protected":false},"author":2,"featured_media":2437,"comment_status":"closed","ping_status":"closed","sticky":false,"template":"","format":"standard","meta":{"footnotes":""},"categories":[1],"tags":[],"class_list":["post-2436","post","type-post","status-publish","format-standard","has-post-thumbnail","hentry","category-cronica"],"_links":{"self":[{"href":"https:\/\/www.radiopresidenteibanez.cl\/web\/wp-json\/wp\/v2\/posts\/2436","targetHints":{"allow":["GET"]}}],"collection":[{"href":"https:\/\/www.radiopresidenteibanez.cl\/web\/wp-json\/wp\/v2\/posts"}],"about":[{"href":"https:\/\/www.radiopresidenteibanez.cl\/web\/wp-json\/wp\/v2\/types\/post"}],"author":[{"embeddable":true,"href":"https:\/\/www.radiopresidenteibanez.cl\/web\/wp-json\/wp\/v2\/users\/2"}],"replies":[{"embeddable":true,"href":"https:\/\/www.radiopresidenteibanez.cl\/web\/wp-json\/wp\/v2\/comments?post=2436"}],"version-history":[{"count":0,"href":"https:\/\/www.radiopresidenteibanez.cl\/web\/wp-json\/wp\/v2\/posts\/2436\/revisions"}],"wp:featuredmedia":[{"embeddable":true,"href":"https:\/\/www.radiopresidenteibanez.cl\/web\/wp-json\/wp\/v2\/media\/2437"}],"wp:attachment":[{"href":"https:\/\/www.radiopresidenteibanez.cl\/web\/wp-json\/wp\/v2\/media?parent=2436"}],"wp:term":[{"taxonomy":"category","embeddable":true,"href":"https:\/\/www.radiopresidenteibanez.cl\/web\/wp-json\/wp\/v2\/categories?post=2436"},{"taxonomy":"post_tag","embeddable":true,"href":"https:\/\/www.radiopresidenteibanez.cl\/web\/wp-json\/wp\/v2\/tags?post=2436"}],"curies":[{"name":"wp","href":"https:\/\/api.w.org\/{rel}","templated":true}]}}