{"id":2433,"date":"2019-03-20T14:46:24","date_gmt":"2019-03-20T14:46:24","guid":{"rendered":"http:\/\/www.radiopresidenteibanez.cl\/web\/?p=2433"},"modified":"2019-03-20T14:46:35","modified_gmt":"2019-03-20T14:46:35","slug":"aprueban-en-general-proyecto-del-senador-bianchi-que-modifica-la-ley-de-servicios-electricos-y-establece-que-las-empresas-no-podran-cobrar-por-empalmes-y-medidores","status":"publish","type":"post","link":"https:\/\/www.radiopresidenteibanez.cl\/web\/aprueban-en-general-proyecto-del-senador-bianchi-que-modifica-la-ley-de-servicios-electricos-y-establece-que-las-empresas-no-podran-cobrar-por-empalmes-y-medidores\/","title":{"rendered":"APRUEBAN EN GENERAL PROYECTO DEL SENADOR BIANCHI QUE MODIFICA LA LEY DE SERVICIOS EL\u00c9CTRICOS Y ESTABLECE QUE LAS EMPRESAS NO PODR\u00c1N COBRAR POR EMPALMES Y MEDIDORES"},"content":{"rendered":"\n<p><em>\u201cEsta situaci\u00f3n se resuelve solo con una\nley y en una o dos semanas m\u00e1s le responderemos al pa\u00eds de forma clara y sin\nduda alguna que este proyecto resuelve el tema de los cobros que se pretenden\ncargar a los consumidores por cambios de medidores de luz.\u201d<\/em>&nbsp; Fue parte de la argumentaci\u00f3n que expuso en\nsala el Senador de Magallanes, Carlos Bianchi, durante el debate en que se\naprob\u00f3 en general el proyecto que pone fin a cualquier interpretaci\u00f3n que\npermita cobros a los usuarios por cambio de medidores.<\/p>\n\n\n\n<p>En\nsu f\u00e9rrea defensa como autor del proyecto, el parlamentario agreg\u00f3 que : <em>\u201cSi el gobierno est\u00e1 con la idea de resolver\nel conflicto y abuso de las empresas distribuidoras, basta con que le d\u00e9 la\nurgencia a esta tramitaci\u00f3n y no en conversaciones familiares.\u201d <\/em>Aludiendo\nal parentesco entre el presidente Pi\u00f1era y el Presidente de la Empresa ENEL,\nHermann Chadwick, quienes son primos.<\/p>\n\n\n\n<p>El legislador explic\u00f3 que la ley que modific\u00f3 los\nservicios generales el\u00e9ctricos dej\u00f3 establecido que <em>\u201cel empalme y el medidor son parte de la red de distribuci\u00f3n y que por\ntanto son de propiedad y responsabilidad de la concesionaria de servicio\np\u00fablico.\u201d<\/em><\/p>\n\n\n\n<p>Bianchi dijo que <em>\u201cjunto con repudiar lo que se conoci\u00f3 respecto a los cobros a los\nusuarios, donde a trav\u00e9s de supuestos reglamentos o interpretaciones\nestrictamente economicista que pretendieron aplicar cobros a los usuarios, lo\nque con esta ley queda cerrada como opci\u00f3n.\u201d<\/em><\/p>\n\n\n\n<p>El parlamentario agreg\u00f3 que se redact\u00f3 el proyecto\ny se trabaj\u00f3 con la urgencia del caso para sacarlo adelante con prioridad a fin\nque se cumpla el esp\u00edritu de la ley, como era desde un principio, \u201cQue toda\nacci\u00f3n ejecutada en los empalmes y\nmedidores, ya sea de instalaci\u00f3n de equipamientos nuevos, su revisi\u00f3n o\nreparaci\u00f3n, ser\u00e1 de cargo exclusivo de la empresa concesionaria\u201d<\/p>\n\n\n\n<p>Finalmente, el senador de Magallanes reiter\u00f3 que \u201cTengo\nla certeza, que est\u00e1bamos frente a una interpretaci\u00f3n de mala fe de parte de\nquienes est\u00e1n detr\u00e1s de estos reglamentos y decretos tarifarios el\u00e9ctricos, por\nello agradezco el apoyo de los colegas que han permitido con sus votos avanzar\nr\u00e1pidamente en esta ley de nuestra autor\u00eda.\u201d<\/p>\n","protected":false},"excerpt":{"rendered":"<p>\u201cEsta situaci\u00f3n se resuelve solo con una ley y en una o dos semanas m\u00e1s le responderemos al pa\u00eds de forma clara y sin duda alguna que este proyecto resuelve&#8230; <a class=\"read-more\" href=\"https:\/\/www.radiopresidenteibanez.cl\/web\/aprueban-en-general-proyecto-del-senador-bianchi-que-modifica-la-ley-de-servicios-electricos-y-establece-que-las-empresas-no-podran-cobrar-por-empalmes-y-medidores\/\">Leer m\u00e1s<\/a><\/p>\n","protected":false},"author":2,"featured_media":2434,"comment_status":"closed","ping_status":"closed","sticky":false,"template":"","format":"standard","meta":{"footnotes":""},"categories":[1],"tags":[],"class_list":["post-2433","post","type-post","status-publish","format-standard","has-post-thumbnail","hentry","category-cronica"],"_links":{"self":[{"href":"https:\/\/www.radiopresidenteibanez.cl\/web\/wp-json\/wp\/v2\/posts\/2433","targetHints":{"allow":["GET"]}}],"collection":[{"href":"https:\/\/www.radiopresidenteibanez.cl\/web\/wp-json\/wp\/v2\/posts"}],"about":[{"href":"https:\/\/www.radiopresidenteibanez.cl\/web\/wp-json\/wp\/v2\/types\/post"}],"author":[{"embeddable":true,"href":"https:\/\/www.radiopresidenteibanez.cl\/web\/wp-json\/wp\/v2\/users\/2"}],"replies":[{"embeddable":true,"href":"https:\/\/www.radiopresidenteibanez.cl\/web\/wp-json\/wp\/v2\/comments?post=2433"}],"version-history":[{"count":0,"href":"https:\/\/www.radiopresidenteibanez.cl\/web\/wp-json\/wp\/v2\/posts\/2433\/revisions"}],"wp:featuredmedia":[{"embeddable":true,"href":"https:\/\/www.radiopresidenteibanez.cl\/web\/wp-json\/wp\/v2\/media\/2434"}],"wp:attachment":[{"href":"https:\/\/www.radiopresidenteibanez.cl\/web\/wp-json\/wp\/v2\/media?parent=2433"}],"wp:term":[{"taxonomy":"category","embeddable":true,"href":"https:\/\/www.radiopresidenteibanez.cl\/web\/wp-json\/wp\/v2\/categories?post=2433"},{"taxonomy":"post_tag","embeddable":true,"href":"https:\/\/www.radiopresidenteibanez.cl\/web\/wp-json\/wp\/v2\/tags?post=2433"}],"curies":[{"name":"wp","href":"https:\/\/api.w.org\/{rel}","templated":true}]}}