{"id":24301,"date":"2021-09-29T08:15:17","date_gmt":"2021-09-29T11:15:17","guid":{"rendered":"https:\/\/www.radiopresidenteibanez.cl\/web\/?p=24301"},"modified":"2021-09-29T08:15:23","modified_gmt":"2021-09-29T11:15:23","slug":"directora-de-sercotec-llego-hasta-puerto-williams-para-certificar-a-los-beneficiarios-de-distintos-programas-del-servicio","status":"publish","type":"post","link":"https:\/\/www.radiopresidenteibanez.cl\/web\/directora-de-sercotec-llego-hasta-puerto-williams-para-certificar-a-los-beneficiarios-de-distintos-programas-del-servicio\/","title":{"rendered":"DIRECTORA DE SERCOTEC LLEG\u00d3 HASTA PUERTO WILLIAMS PARA CERTIFICAR A LOS BENEFICIARIOS DE DISTINTOS PROGRAMAS DEL SERVICIO"},"content":{"rendered":"\n<p>Hasta la comuna de Cabo de\nHornos, en el terminal pesquero lleg\u00f3 la Seremi de la Mujer, Daisy Carrera,\nRodolfo Moncada, del Consejo Regional y la directora del Servicio de\nCooperaci\u00f3n T\u00e9cnica, Mar\u00eda Soledad Solo de Zald\u00edvar para conversar y certificar\ncon las y los beneficiarios los programas Capital Semilla, Capital Abeja y\nReact\u00edvate Multisectorial. \u201cLlegamos hasta Puerto Williams para conversar con\nlos beneficiarios de la comuna Cabo de Hornos y escuchar de primera fuente las\ninquietudes y necesidades que requieren los micro y peque\u00f1os empresarios.\nSercotec, lleva realizando esto mismo en distintas comunas de Magallanes,\nqueremos llegar de manera oportuna y r\u00e1pida con las necesidades que los\nemprendedores piden\u201d, dijo Solo de Zald\u00edvar. <\/p>\n\n\n\n<p>Mar\u00eda Elena Montecinos, se\nadjudic\u00f3 los fondos de Capital Semilla por un monto de $3,5 millones de pesos para\nsu emprendimiento Yagana, \u201cse trata de la fotograf\u00eda de hecho, somos pioneros\nen tener un negocio de este tipo en la isla. Quiero agradecer a Sercotec e\ninvitar tambi\u00e9n a todos los micro y peque\u00f1os emprendedores a que postulen\nporque sirve de mucho, es tremendo impulso econ\u00f3mico\u201d, coment\u00f3 al finalizar el\nconversatorio. <\/p>\n\n\n\n<p>Bajo el programa Capital\nAbeja, Ana de la Maza, quien es due\u00f1a de un taller de cer\u00e1mica en Cabo de\nHornos, agradeci\u00f3 al Servicio por esta oportunidad. Hab\u00eda postulado tres veces\nanteriores, \u201cas\u00ed que feliz porque ahora podr\u00e9 comprar la m\u00e1quina necesaria para\nmi negocio\u201d, dijo. Adem\u00e1s, a\u00f1adi\u00f3 que \u201cquiero invitar a todos a que postulen y\nse atrevan. Estos fondos siguen potenciando el comercio local.\u201d <\/p>\n","protected":false},"excerpt":{"rendered":"<p>Hasta la comuna de Cabo de Hornos, en el terminal pesquero lleg\u00f3 la Seremi de la Mujer, Daisy Carrera, Rodolfo Moncada, del Consejo Regional y la directora del Servicio de&#8230; <a class=\"read-more\" href=\"https:\/\/www.radiopresidenteibanez.cl\/web\/directora-de-sercotec-llego-hasta-puerto-williams-para-certificar-a-los-beneficiarios-de-distintos-programas-del-servicio\/\">Leer m\u00e1s<\/a><\/p>\n","protected":false},"author":2,"featured_media":24302,"comment_status":"closed","ping_status":"closed","sticky":false,"template":"","format":"standard","meta":{"footnotes":""},"categories":[1],"tags":[],"class_list":["post-24301","post","type-post","status-publish","format-standard","has-post-thumbnail","hentry","category-cronica"],"_links":{"self":[{"href":"https:\/\/www.radiopresidenteibanez.cl\/web\/wp-json\/wp\/v2\/posts\/24301","targetHints":{"allow":["GET"]}}],"collection":[{"href":"https:\/\/www.radiopresidenteibanez.cl\/web\/wp-json\/wp\/v2\/posts"}],"about":[{"href":"https:\/\/www.radiopresidenteibanez.cl\/web\/wp-json\/wp\/v2\/types\/post"}],"author":[{"embeddable":true,"href":"https:\/\/www.radiopresidenteibanez.cl\/web\/wp-json\/wp\/v2\/users\/2"}],"replies":[{"embeddable":true,"href":"https:\/\/www.radiopresidenteibanez.cl\/web\/wp-json\/wp\/v2\/comments?post=24301"}],"version-history":[{"count":0,"href":"https:\/\/www.radiopresidenteibanez.cl\/web\/wp-json\/wp\/v2\/posts\/24301\/revisions"}],"wp:featuredmedia":[{"embeddable":true,"href":"https:\/\/www.radiopresidenteibanez.cl\/web\/wp-json\/wp\/v2\/media\/24302"}],"wp:attachment":[{"href":"https:\/\/www.radiopresidenteibanez.cl\/web\/wp-json\/wp\/v2\/media?parent=24301"}],"wp:term":[{"taxonomy":"category","embeddable":true,"href":"https:\/\/www.radiopresidenteibanez.cl\/web\/wp-json\/wp\/v2\/categories?post=24301"},{"taxonomy":"post_tag","embeddable":true,"href":"https:\/\/www.radiopresidenteibanez.cl\/web\/wp-json\/wp\/v2\/tags?post=24301"}],"curies":[{"name":"wp","href":"https:\/\/api.w.org\/{rel}","templated":true}]}}